{"id":21491,"date":"2020-06-03T17:20:34","date_gmt":"2020-06-03T17:20:34","guid":{"rendered":"https:\/\/todoapulmon-rafaela.com\/?p=21491"},"modified":"2020-06-03T17:20:34","modified_gmt":"2020-06-03T17:20:34","slug":"se-fundo-la-asociacion-civil-de-entrenadores-de-basquet-de-rafaela","status":"publish","type":"post","link":"https:\/\/todoapulmon-rafaela.com\/index.php\/2020\/06\/03\/se-fundo-la-asociacion-civil-de-entrenadores-de-basquet-de-rafaela\/","title":{"rendered":"Se fund\u00f3 la Asociaci\u00f3n Civil de Entrenadores de B\u00e1squet de Rafaela"},"content":{"rendered":"<p>Los entrenadores de b\u00e1squetbol del \u00e1mbito de la Asociaci\u00f3n Rafaelina decidieron unirse en una nueva entidad, con las caracter\u00edsticas de Asociaci\u00f3n Civil.<\/p>\n<p>En un comunicado de prensa que tambi\u00e9n fue enviado al presidente de la ARB, Luis Silvano, se inform\u00f3 sobre la formaci\u00f3n de ACEBRA (Asociaci\u00f3n Civil de Entrenadores de B\u00e1squet de Rafaela), con Javier Maretto como primer presidente, Mat\u00edas Rojas en car\u00e1cter de vicepresidente y Lucas Baudino como secretario, en los principales cargos.<\/p>\n<p>Lo decidido se transcribe a continuaci\u00f3n:<\/p>\n<p>\u00abDebido a la pandemia por la cual nos vemos afectados todos los involucrados\/as a este deporte, surgi\u00f3 la idea de reunirnos de modo virtual entre los entrenadores\/as pertenecientes a la Asociaci\u00f3n Rafaelina de B\u00e1squetbol para tratar diferentes temas que nos interesan, ya sea actualidad en los clubes por el cierre de actividades afectados por la cuarentena hasta la organizaci\u00f3n de los torneo locales, proyectos para selecciones, calendario deportivo, masificaci\u00f3n de la actividad especialmente en edades de minib\u00e1squet, entre otras. Es por ello que se decidi\u00f3 retomar el camino de la anterior Comisi\u00f3n de Entrenadores y Asistentes (CEA). Se convoc\u00f3 a todos los entrenadores de nuestra Asociaci\u00f3n a una reuni\u00f3n virtual para presentar el proyecto y elegir a la nueva Comisi\u00f3n Directiva.<\/p>\n<p>\u00abEn esta reuni\u00f3n se aprobaron los siguientes \u00edtems: &#8211; Nombre de la nueva asociaci\u00f3n de entrenadores.<\/p>\n<p>&#8211; Logo de la asociaci\u00f3n de entrenadores.<\/p>\n<p>&#8211; Comisi\u00f3n directiva.<\/p>\n<p>&#8211; Propuesta de conformaci\u00f3n de consejos de entrenadores encargados de las diferentes categor\u00edas.<\/p>\n<p>&#8211; Esp\u00edritu de la asociaci\u00f3n de entrenadores.<\/p>\n<p>\u00abEl esp\u00edritu de ACEBRA ser\u00e1, proponer capacitaciones y eventos que hagan a la mejora de los entrenadores\/as de la asociaci\u00f3n como as\u00ed tambi\u00e9n trabajar en conjunto con la ARB presentando proyectos para poder mejorar y hacer crecer la disciplina junto a todos los que la integran directa e indirectamente. Hasta el momento esta comisi\u00f3n est\u00e1 organizando semanalmente distintos foros de debate entre entrenadores de la ARB y pertenecientes a ACEBRA. Tambi\u00e9n se ha logrado realizar charlas de capacitaci\u00f3n con entrenadores de renombre tales los casos de: Silvio Santander, Pablo Genga y Juan Lofrano, Carlos Gomez, Pere Purr\u00e0 (Entrenador Espa\u00f1ol), Ricardo Bojanich y Alejandro Cupulutti\u00bb.<\/p>\n<p>COMISION DIRECTIVA<\/p>\n<p>&#8211; Presidente: Javier Maretto<\/p>\n<p>&#8211; Vicepresidente: Mat\u00edas Rojas<\/p>\n<p>&#8211; Secretario: Lucas Baudino<\/p>\n<p>&#8211; Tesorero: Leonardo Barberis<\/p>\n<p>&#8211; Prosecretario: Juan Ignacio Andornino<\/p>\n<p>&#8211; Protesorero: Franco Tosello<\/p>\n<p>Vocales titulares: Andr\u00e9s Mandrille, Lorenzo Meinberg, Guillermo Chiaraviglio.<\/p>\n<p>Vocales suplentes: Fernando Bortolotti, Nicol\u00e1s Schierano y Walter Storani.<\/p>\n<p>Los entrenadores que participaron de esta primera reuni\u00f3n, ser\u00e1n considerados como socios fundadores de la nueva ACEBRA: L. Barberis, P. Madera, A. Mandrille, R. Vico, R. Ju\u00e1rez, W. Storani, M. Rojas, A. Rodriguez, C. Seguro, A. Driussi, M. Miretti, M. Ghione, L. Meinberg, J. Andornino, J. Arr\u00f3, J. Rodriguez, A. Rebola, M. Margar\u00eda, J. Maretto, L. Baudino, M. Bircher, M. Samudio, A. Boriglio, A. Borda, F. Scaraf\u00eda, F. Imoberdorf, F. Tosello, G. Chiaraviglio, N. Schierano y F. Bortolotti.<\/p>\n<p>&nbsp;<\/p>\n","protected":false},"excerpt":{"rendered":"<p>Los entrenadores de b\u00e1squetbol del \u00e1mbito de la Asociaci\u00f3n Rafaelina decidieron unirse en una nueva entidad, con las caracter\u00edsticas de<\/p>\n","protected":false},"author":2,"featured_media":21492,"comment_status":"open","ping_status":"open","sticky":false,"template":"","format":"standard","meta":{"footnotes":""},"categories":[1],"tags":[],"class_list":["post-21491","post","type-post","status-publish","format-standard","has-post-thumbnail","hentry","category-sin-categoria"],"cc_featured_image_caption":{"caption_text":"","source_text":"","source_url":""},"_links":{"self":[{"href":"https:\/\/todoapulmon-rafaela.com\/index.php\/wp-json\/wp\/v2\/posts\/21491"}],"collection":[{"href":"https:\/\/todoapulmon-rafaela.com\/index.php\/wp-json\/wp\/v2\/posts"}],"about":[{"href":"https:\/\/todoapulmon-rafaela.com\/index.php\/wp-json\/wp\/v2\/types\/post"}],"author":[{"embeddable":true,"href":"https:\/\/todoapulmon-rafaela.com\/index.php\/wp-json\/wp\/v2\/users\/2"}],"replies":[{"embeddable":true,"href":"https:\/\/todoapulmon-rafaela.com\/index.php\/wp-json\/wp\/v2\/comments?post=21491"}],"version-history":[{"count":1,"href":"https:\/\/todoapulmon-rafaela.com\/index.php\/wp-json\/wp\/v2\/posts\/21491\/revisions"}],"predecessor-version":[{"id":21493,"href":"https:\/\/todoapulmon-rafaela.com\/index.php\/wp-json\/wp\/v2\/posts\/21491\/revisions\/21493"}],"wp:featuredmedia":[{"embeddable":true,"href":"https:\/\/todoapulmon-rafaela.com\/index.php\/wp-json\/wp\/v2\/media\/21492"}],"wp:attachment":[{"href":"https:\/\/todoapulmon-rafaela.com\/index.php\/wp-json\/wp\/v2\/media?parent=21491"}],"wp:term":[{"taxonomy":"category","embeddable":true,"href":"https:\/\/todoapulmon-rafaela.com\/index.php\/wp-json\/wp\/v2\/categories?post=21491"},{"taxonomy":"post_tag","embeddable":true,"href":"https:\/\/todoapulmon-rafaela.com\/index.php\/wp-json\/wp\/v2\/tags?post=21491"}],"curies":[{"name":"wp","href":"https:\/\/api.w.org\/{rel}","templated":true}]}}