{"id":21437,"date":"2020-05-30T18:10:38","date_gmt":"2020-05-30T18:10:38","guid":{"rendered":"https:\/\/todoapulmon-rafaela.com\/?p=21437"},"modified":"2020-05-30T18:10:38","modified_gmt":"2020-05-30T18:10:38","slug":"completamos-las-estadisticas-de-records-provinciales-con-u18-y-u16","status":"publish","type":"post","link":"https:\/\/todoapulmon-rafaela.com\/index.php\/2020\/05\/30\/completamos-las-estadisticas-de-records-provinciales-con-u18-y-u16\/","title":{"rendered":"Completamos las estad\u00edsticas de r\u00e9cords provinciales con U18 y U16"},"content":{"rendered":"<p>Seguimos refiri\u00e9ndonos al historial de los r\u00e9cords provinciales, en este caso con las categor\u00edas U18 y U16, haciendo foco en los atletas de nuestra ciudad que integran la lista dada a conocer por la Federaci\u00f3n Santafesina de Atletismo durante la \u00faltima semana.<br \/>\nEn U18 hay dos atletas que se mantienen al tope en sus respectivas disciplinas: Jemina Acevedo (actualmente alejada de la pr\u00e1ctica del atletismo) en lanzamiento de bala con implemento de 3 kg, con un registro de 14m 09cm, obtenido en Mar del Plata el 9 de octubre de 2015; y Camila Real (no sigui\u00f3 con el atletismo desde 2018) en marcha 5km. con 25m 23s 69\/100, registro conseguido en C\u00f3rdoba el 11 de marzo de 2017, tiempos en que ambas atletas representaban al CEF 53 de nuestra ciudad.<\/p>\n<figure id=\"attachment_21439\" aria-describedby=\"caption-attachment-21439\" style=\"width: 300px\" class=\"wp-caption alignnone\"><img loading=\"lazy\" decoding=\"async\" class=\"size-medium wp-image-21439\" src=\"https:\/\/todoapulmon-rafaela.com\/wp-content\/uploads\/2020\/05\/Jemina-Acevedo-300x225.jpg\" alt=\"Jemina Acevedo\" width=\"300\" height=\"225\" srcset=\"https:\/\/todoapulmon-rafaela.com\/wp-content\/uploads\/2020\/05\/Jemina-Acevedo-300x225.jpg 300w, https:\/\/todoapulmon-rafaela.com\/wp-content\/uploads\/2020\/05\/Jemina-Acevedo.jpg 960w\" sizes=\"(max-width: 300px) 100vw, 300px\" \/><figcaption id=\"caption-attachment-21439\" class=\"wp-caption-text\">Jemina Acevedo<\/figcaption><\/figure>\n<figure id=\"attachment_21440\" aria-describedby=\"caption-attachment-21440\" style=\"width: 141px\" class=\"wp-caption alignnone\"><img loading=\"lazy\" decoding=\"async\" class=\"size-medium wp-image-21440\" src=\"https:\/\/todoapulmon-rafaela.com\/wp-content\/uploads\/2020\/05\/Cami-Real1-141x300.jpg\" alt=\"Camila Real\" width=\"141\" height=\"300\" srcset=\"https:\/\/todoapulmon-rafaela.com\/wp-content\/uploads\/2020\/05\/Cami-Real1-141x300.jpg 141w, https:\/\/todoapulmon-rafaela.com\/wp-content\/uploads\/2020\/05\/Cami-Real1-703x1500.jpg 703w, https:\/\/todoapulmon-rafaela.com\/wp-content\/uploads\/2020\/05\/Cami-Real1.jpg 1321w\" sizes=\"(max-width: 141px) 100vw, 141px\" \/><figcaption id=\"caption-attachment-21440\" class=\"wp-caption-text\">Camila Real<\/figcaption><\/figure>\n<p>Adem\u00e1s, la sanjorgense Celina Harte -que representa al CRAS- comparte el r\u00e9cord provincial en salto en alto con 1m 66cm, marca obtenida en Rosario el 15 de septiembre de 2016.<br \/>\nUn dato muy interesante en esta categor\u00eda, en cuanto a los varones, es que el r\u00e9cord provincial de 100 metros est\u00e1 compartido con una marca de 10s7 lograda en 1955, por Luis Vienna en Rosario, otra del a\u00f1o 1958 de Ra\u00fal Roscani, y la m\u00e1s \u00abreciente\u00bb, de Lucas Semino en 2007 en Rosario.<br \/>\nEn cuanto a la categor\u00eda U16, con un n\u00famero un poco m\u00e1s reducido de pruebas, en el listado sobresale en varones Tom\u00e1s Mondino con los r\u00e9cords de 80 y 150 metros llanos. En la primera de las distancias con los 9s 18\/100 logrados el a\u00f1o pasado en Mar del Plata, y en 150 m. en la misma ciudad con 23s 43.<br \/>\nEn damas, Camila Real tambi\u00e9n tiene el r\u00e9cord santafesino de marcha, pero en 3 km., con 15m 54s 77, conseguido el 8 de octubre de 2016 en Santa Fe.<br \/>\nLos r\u00e9cords de las distintas pruebas pueden verse haciendo click en:<\/p>\n<p><a href=\"https:\/\/todoapulmon-rafaela.com\/wp-content\/uploads\/2020\/05\/Records-Provinciales-U18.xls\" rel=\"\">Records Provinciales U18<\/a><\/p>\n<p><a href=\"https:\/\/todoapulmon-rafaela.com\/wp-content\/uploads\/2020\/05\/Records-Provinciales-U16.xls\" rel=\"\">Records Provinciales U16<\/a><\/p>\n<p>&nbsp;<\/p>\n","protected":false},"excerpt":{"rendered":"<p>Seguimos refiri\u00e9ndonos al historial de los r\u00e9cords provinciales, en este caso con las categor\u00edas U18 y U16, haciendo foco en<\/p>\n","protected":false},"author":2,"featured_media":21438,"comment_status":"open","ping_status":"open","sticky":false,"template":"","format":"standard","meta":{"footnotes":""},"categories":[7,24],"tags":[],"class_list":["post-21437","post","type-post","status-publish","format-standard","has-post-thumbnail","hentry","category-atletismo","category-noticias-destacadas"],"cc_featured_image_caption":{"caption_text":"Tom\u00e1s Mondino lidera el ranking santafesino con los r\u00e9cords provinciales U16 en 80 y 150 metros.","source_text":"","source_url":""},"_links":{"self":[{"href":"https:\/\/todoapulmon-rafaela.com\/index.php\/wp-json\/wp\/v2\/posts\/21437"}],"collection":[{"href":"https:\/\/todoapulmon-rafaela.com\/index.php\/wp-json\/wp\/v2\/posts"}],"about":[{"href":"https:\/\/todoapulmon-rafaela.com\/index.php\/wp-json\/wp\/v2\/types\/post"}],"author":[{"embeddable":true,"href":"https:\/\/todoapulmon-rafaela.com\/index.php\/wp-json\/wp\/v2\/users\/2"}],"replies":[{"embeddable":true,"href":"https:\/\/todoapulmon-rafaela.com\/index.php\/wp-json\/wp\/v2\/comments?post=21437"}],"version-history":[{"count":1,"href":"https:\/\/todoapulmon-rafaela.com\/index.php\/wp-json\/wp\/v2\/posts\/21437\/revisions"}],"predecessor-version":[{"id":21443,"href":"https:\/\/todoapulmon-rafaela.com\/index.php\/wp-json\/wp\/v2\/posts\/21437\/revisions\/21443"}],"wp:featuredmedia":[{"embeddable":true,"href":"https:\/\/todoapulmon-rafaela.com\/index.php\/wp-json\/wp\/v2\/media\/21438"}],"wp:attachment":[{"href":"https:\/\/todoapulmon-rafaela.com\/index.php\/wp-json\/wp\/v2\/media?parent=21437"}],"wp:term":[{"taxonomy":"category","embeddable":true,"href":"https:\/\/todoapulmon-rafaela.com\/index.php\/wp-json\/wp\/v2\/categories?post=21437"},{"taxonomy":"post_tag","embeddable":true,"href":"https:\/\/todoapulmon-rafaela.com\/index.php\/wp-json\/wp\/v2\/tags?post=21437"}],"curies":[{"name":"wp","href":"https:\/\/api.w.org\/{rel}","templated":true}]}}