{"id":21434,"date":"2020-05-30T17:16:46","date_gmt":"2020-05-30T17:16:46","guid":{"rendered":"https:\/\/todoapulmon-rafaela.com\/?p=21434"},"modified":"2020-05-30T17:16:46","modified_gmt":"2020-05-30T17:16:46","slug":"el-trasmontana-en-octubre-dos-semanas-despues-que-el-rio-pinto","status":"publish","type":"post","link":"https:\/\/todoapulmon-rafaela.com\/index.php\/2020\/05\/30\/el-trasmontana-en-octubre-dos-semanas-despues-que-el-rio-pinto\/","title":{"rendered":"El Trasmonta\u00f1a en octubre, dos semanas despu\u00e9s que el R\u00edo Pinto"},"content":{"rendered":"<p>Si la pandemia de la covid-19 da tregua, despu\u00e9s de 26 a\u00f1os el Rally Trasmonta\u00f1a volver\u00e1 a correrse en octubre. Solamente la primera edici\u00f3n de la prestigiosa competencia de mountain bike en pareja se disput\u00f3 en ese mes, all\u00e1 por el a\u00f1o 1994. A partir de 1995 y hasta 2019, las otras 25 ediciones se realizaron en agosto.<\/p>\n<p>Para esta temporada, la prueba estaba prevista inicialmente para el domingo 16 de agosto, pero ante la proximidad de la fecha y el tiempo que se necesita para organizar una prueba de tal envergadura, es que decidieron trasladarla para dos meses despu\u00e9s. \u201cEl Trasmonta\u00f1a fue reprogramado para el domingo 25 de octubre, aunque por supuesto todo depender\u00e1 de la evoluci\u00f3n de la pandemia. Si est\u00e1n dadas las condiciones sanitarias, la carrera se correr\u00e1 ese d\u00eda\u201d, anunci\u00f3\u00a0<strong>Miguel Kachurovsky<\/strong>, organizador de la competencia que el a\u00f1o pasado bati\u00f3 el r\u00e9cord de participantes al convocar a 3.548 bikers, al diario tucumano La Gaceta.<\/p>\n<p>El a\u00f1o pasado, hubo 2.398 bikers for\u00e1neos y las provincias que m\u00e1s aportaron fueron Mendoza (528 corredores), C\u00f3rdoba (422), Buenos Aires (345), San Juan (214), Santa Fe (134), Santiago del Estero (130), Catamarca (127) y La Rioja (105). Tambi\u00e9n hubo pedalistas de Salta, San Luis, Entre R\u00edos, Jujuy, Neuqu\u00e9n, Chaco, La Pampa, R\u00edo Negro, Corrientes, Santa Cruz, Chubut, Misiones, Tierra del Fuego, Formosa, Uruguay y Chile, adem\u00e1s de los 1.150 tucumanos. Es por eso que est\u00e1 considerado el evento deportivo que mayor turismo le genera a Tucum\u00e1n. \u201cLos d\u00edas previos a la carrera tenemos casi el 100% de la capacidad hotelera de la provincia ocupada\u201d, expres\u00f3\u00a0<strong>Sebasti\u00e1n Giobellina,\u00a0<\/strong>presidente del Ente Tucum\u00e1n Turismo al mismo medio.<\/p>\n<p>El rally de 45 kil\u00f3metros se disputar\u00e1 entre San Javier y El Portezuelo, donde los corredores deben unir el trazado de punto a punto. Para esta edici\u00f3n, los organizadores informaron que habr\u00e1 un tramo nuevo. \u201cEs de aproximadamente 10 kil\u00f3metros. Estar\u00eda bueno que antes del rally podamos organizar la Gran Vuelta a La Sala, en el que se recorre gran parte del Trasmonta\u00f1a\u201d, dijo Kachurovsky.<\/p>\n<p>CERCANA AL RIO PINTO<\/p>\n<p>El bonaerense\u00a0<strong>Luciano Caraccioli,\u00a0<\/strong>que con siete triunfos es el m\u00e1s ganador de la clasificaci\u00f3n general del rally, y el mendocino\u00a0<strong>Germ\u00e1n Dorhmann<\/strong>, vencedor de la edici\u00f3n pasada corriendo junto con\u00a0<strong>Dar\u00edo Gasco<\/strong>, aprobaron el cambio de fecha, a pesar de que dos semanas antes (11 de octubre) tendr\u00e1n que competir en el Desaf\u00edo R\u00edo Pinto, en La Cumbre (C\u00f3rdoba). Eso, l\u00f3gicamente si en C\u00f3rdoba tambi\u00e9n est\u00e1n garantizadas las condiciones de salud.<\/p>\n<p>Esto puede ser una mala noticia para los bikers que ten\u00edan hacer pensado las dos carreras. El tema econ\u00f3mico puede ser fundamental, tomando en cuenta inscripciones y costo de viaje, m\u00e1s alojamiento y comidas. En ambas citas, Rafaela y zona aportan un muy buen n\u00famero de pedalistas.<\/p>\n","protected":false},"excerpt":{"rendered":"<p>Si la pandemia de la covid-19 da tregua, despu\u00e9s de 26 a\u00f1os el Rally Trasmonta\u00f1a volver\u00e1 a correrse en octubre.<\/p>\n","protected":false},"author":2,"featured_media":21435,"comment_status":"open","ping_status":"open","sticky":false,"template":"","format":"standard","meta":{"footnotes":""},"categories":[4,24],"tags":[],"class_list":["post-21434","post","type-post","status-publish","format-standard","has-post-thumbnail","hentry","category-ciclismo","category-noticias-destacadas"],"cc_featured_image_caption":{"caption_text":"Parte del nutrido grupo de bikers de Rafaela que particip\u00f3 el a\u00f1o pasado en Tucum\u00e1n.","source_text":"","source_url":""},"_links":{"self":[{"href":"https:\/\/todoapulmon-rafaela.com\/index.php\/wp-json\/wp\/v2\/posts\/21434"}],"collection":[{"href":"https:\/\/todoapulmon-rafaela.com\/index.php\/wp-json\/wp\/v2\/posts"}],"about":[{"href":"https:\/\/todoapulmon-rafaela.com\/index.php\/wp-json\/wp\/v2\/types\/post"}],"author":[{"embeddable":true,"href":"https:\/\/todoapulmon-rafaela.com\/index.php\/wp-json\/wp\/v2\/users\/2"}],"replies":[{"embeddable":true,"href":"https:\/\/todoapulmon-rafaela.com\/index.php\/wp-json\/wp\/v2\/comments?post=21434"}],"version-history":[{"count":1,"href":"https:\/\/todoapulmon-rafaela.com\/index.php\/wp-json\/wp\/v2\/posts\/21434\/revisions"}],"predecessor-version":[{"id":21436,"href":"https:\/\/todoapulmon-rafaela.com\/index.php\/wp-json\/wp\/v2\/posts\/21434\/revisions\/21436"}],"wp:featuredmedia":[{"embeddable":true,"href":"https:\/\/todoapulmon-rafaela.com\/index.php\/wp-json\/wp\/v2\/media\/21435"}],"wp:attachment":[{"href":"https:\/\/todoapulmon-rafaela.com\/index.php\/wp-json\/wp\/v2\/media?parent=21434"}],"wp:term":[{"taxonomy":"category","embeddable":true,"href":"https:\/\/todoapulmon-rafaela.com\/index.php\/wp-json\/wp\/v2\/categories?post=21434"},{"taxonomy":"post_tag","embeddable":true,"href":"https:\/\/todoapulmon-rafaela.com\/index.php\/wp-json\/wp\/v2\/tags?post=21434"}],"curies":[{"name":"wp","href":"https:\/\/api.w.org\/{rel}","templated":true}]}}