{"id":21421,"date":"2020-05-29T17:45:31","date_gmt":"2020-05-29T17:45:31","guid":{"rendered":"https:\/\/todoapulmon-rafaela.com\/?p=21421"},"modified":"2020-05-29T17:45:31","modified_gmt":"2020-05-29T17:45:31","slug":"mas-estadisticas-con-los-records-provinciales-u20-y-u23","status":"publish","type":"post","link":"https:\/\/todoapulmon-rafaela.com\/index.php\/2020\/05\/29\/mas-estadisticas-con-los-records-provinciales-u20-y-u23\/","title":{"rendered":"M\u00e1s estad\u00edsticas con los r\u00e9cords provinciales U20 y U23"},"content":{"rendered":"<p>En la continuidad de la difusi\u00f3n del trabajo dado a conocer esta semana por la Federaci\u00f3n Santafesina de Atletismo sobre los r\u00e9cords provinciales, en sus distintas categor\u00edas, vamos a compartir en esta nota el detalle para U20 y U23.<\/p>\n<p>En la categor\u00eda mencionada en primer t\u00e9rmino podemos apreciar entre los varones que se mantiene vigente la marca de 44m 09s 05\/100 lograda por Ariel Magallanes en los 10 km. de marcha. Fue lograda el 19 de septiembre de 2009 en el CENARD.<\/p>\n<p>La paradoja es que sus alumnos de marcha atl\u00e9tica en la rama femenina tambi\u00e9n est\u00e1n dentro de las marcas top a nivel provincial. La rafaelina Camila Real (actualmente alejada del atletismo) en 5km con 25m 23s 69\/100 logrados el 11 de marzo de 2017 en C\u00f3rdoba; y la formose\u00f1a Mar\u00eda del Rosario Majda -representando a CRAS- con 53m 56s 39 para los 10 km. en Mar del Plata el 2 de noviembre de 2018.<\/p>\n<figure id=\"attachment_21429\" aria-describedby=\"caption-attachment-21429\" style=\"width: 300px\" class=\"wp-caption alignnone\"><img loading=\"lazy\" decoding=\"async\" class=\"size-medium wp-image-21429\" src=\"https:\/\/todoapulmon-rafaela.com\/wp-content\/uploads\/2020\/05\/Majda-300x300.jpg\" alt=\"Mar\u00eda del Rosario Majda\" width=\"300\" height=\"300\" srcset=\"https:\/\/todoapulmon-rafaela.com\/wp-content\/uploads\/2020\/05\/Majda-300x300.jpg 300w, https:\/\/todoapulmon-rafaela.com\/wp-content\/uploads\/2020\/05\/Majda-150x150.jpg 150w, https:\/\/todoapulmon-rafaela.com\/wp-content\/uploads\/2020\/05\/Majda-1503x1500.jpg 1503w\" sizes=\"(max-width: 300px) 100vw, 300px\" \/><figcaption id=\"caption-attachment-21429\" class=\"wp-caption-text\">Mar\u00eda del Rosario Majda<\/figcaption><\/figure>\n<p>Adem\u00e1s, Celina Harte, atleta de San Jorge que entrena con el grupo de Magallanes, comparte el r\u00e9cord provincial de salto en alto (con otras dos atletas ya retiradas) con 1m70 que consigui\u00f3 en Rosario el 27 de octubre de 2018.<\/p>\n<figure id=\"attachment_21428\" aria-describedby=\"caption-attachment-21428\" style=\"width: 300px\" class=\"wp-caption alignnone\"><img loading=\"lazy\" decoding=\"async\" class=\"size-medium wp-image-21428\" src=\"https:\/\/todoapulmon-rafaela.com\/wp-content\/uploads\/2020\/05\/Celina-Harte-300x200.jpg\" alt=\"Celina Harte\" width=\"300\" height=\"200\" srcset=\"https:\/\/todoapulmon-rafaela.com\/wp-content\/uploads\/2020\/05\/Celina-Harte-300x200.jpg 300w, https:\/\/todoapulmon-rafaela.com\/wp-content\/uploads\/2020\/05\/Celina-Harte.jpg 1280w\" sizes=\"(max-width: 300px) 100vw, 300px\" \/><figcaption id=\"caption-attachment-21428\" class=\"wp-caption-text\">Celina Harte<\/figcaption><\/figure>\n<p>En Sub 23 tambi\u00e9n aparecen los registros de Sof\u00eda Kloster que mencionamos en nuestra nota de la categor\u00eda mayores en este sitio.<\/p>\n<p>El detalle en:<\/p>\n<p><a href=\"https:\/\/todoapulmon-rafaela.com\/wp-content\/uploads\/2020\/05\/Records-Provinciales-U20.xls\" rel=\"\">Records Provinciales U20<\/a><\/p>\n<p><a href=\"https:\/\/todoapulmon-rafaela.com\/wp-content\/uploads\/2020\/05\/Records-Provinciales-U-23.xls\" rel=\"\">Records Provinciales U 23<\/a><\/p>\n<p>&nbsp;<\/p>\n","protected":false},"excerpt":{"rendered":"<p>En la continuidad de la difusi\u00f3n del trabajo dado a conocer esta semana por la Federaci\u00f3n Santafesina de Atletismo sobre<\/p>\n","protected":false},"author":2,"featured_media":21427,"comment_status":"open","ping_status":"open","sticky":false,"template":"","format":"standard","meta":{"footnotes":""},"categories":[7],"tags":[],"class_list":["post-21421","post","type-post","status-publish","format-standard","has-post-thumbnail","hentry","category-atletismo"],"cc_featured_image_caption":{"caption_text":"Ariel Magallanes y Camila Real en un recuerdo de los Sudamericanos Juveniles de Chile 2017.","source_text":"","source_url":""},"_links":{"self":[{"href":"https:\/\/todoapulmon-rafaela.com\/index.php\/wp-json\/wp\/v2\/posts\/21421"}],"collection":[{"href":"https:\/\/todoapulmon-rafaela.com\/index.php\/wp-json\/wp\/v2\/posts"}],"about":[{"href":"https:\/\/todoapulmon-rafaela.com\/index.php\/wp-json\/wp\/v2\/types\/post"}],"author":[{"embeddable":true,"href":"https:\/\/todoapulmon-rafaela.com\/index.php\/wp-json\/wp\/v2\/users\/2"}],"replies":[{"embeddable":true,"href":"https:\/\/todoapulmon-rafaela.com\/index.php\/wp-json\/wp\/v2\/comments?post=21421"}],"version-history":[{"count":2,"href":"https:\/\/todoapulmon-rafaela.com\/index.php\/wp-json\/wp\/v2\/posts\/21421\/revisions"}],"predecessor-version":[{"id":21430,"href":"https:\/\/todoapulmon-rafaela.com\/index.php\/wp-json\/wp\/v2\/posts\/21421\/revisions\/21430"}],"wp:featuredmedia":[{"embeddable":true,"href":"https:\/\/todoapulmon-rafaela.com\/index.php\/wp-json\/wp\/v2\/media\/21427"}],"wp:attachment":[{"href":"https:\/\/todoapulmon-rafaela.com\/index.php\/wp-json\/wp\/v2\/media?parent=21421"}],"wp:term":[{"taxonomy":"category","embeddable":true,"href":"https:\/\/todoapulmon-rafaela.com\/index.php\/wp-json\/wp\/v2\/categories?post=21421"},{"taxonomy":"post_tag","embeddable":true,"href":"https:\/\/todoapulmon-rafaela.com\/index.php\/wp-json\/wp\/v2\/tags?post=21421"}],"curies":[{"name":"wp","href":"https:\/\/api.w.org\/{rel}","templated":true}]}}