{"id":21331,"date":"2020-05-16T22:21:42","date_gmt":"2020-05-16T22:21:42","guid":{"rendered":"https:\/\/todoapulmon-rafaela.com\/?p=21331"},"modified":"2020-05-16T22:21:42","modified_gmt":"2020-05-16T22:21:42","slug":"la-brigada-sanitaria-ya-acompano-a-mas-de-800-comercios-durante-la-emergencia","status":"publish","type":"post","link":"https:\/\/todoapulmon-rafaela.com\/index.php\/2020\/05\/16\/la-brigada-sanitaria-ya-acompano-a-mas-de-800-comercios-durante-la-emergencia\/","title":{"rendered":"La Brigada Sanitaria ya acompa\u00f1\u00f3 a m\u00e1s de 800 comercios durante la emergencia"},"content":{"rendered":"<p style=\"font-weight: 400\">La Brigada Sanitaria est\u00e1 conformada por 35 empleados municipales y actualmente se encuentra recorriendo la ciudad para capacitar, cuidar y acompa\u00f1ar a los vecinos y vecinas en esta nueva etapa del aislamiento social, preventivo y obligatorio, en el que comenzaron a ponerse en marcha otras actividades econ\u00f3micas.<\/p>\n<p style=\"font-weight: 400\">Se trata de un equipo interdisciplinario integrado por representantes de diversas \u00e1reas, que trabaja en los cuatro cuadrantes de Rafaela y en la zona c\u00e9ntrica.<\/p>\n<p style=\"font-weight: 400\">\u00a0Hasta el momento, recorrieron m\u00e1s de 800 comercios mayoristas y minoristas, que se encuentran por Decreto nacional, exceptuados de cumplir con la cuarentena.<\/p>\n<p style=\"font-weight: 400\">Los temas que se abordan son COVID-19 y dengue, brindando recomendaciones y medidas de prevenci\u00f3n a la ciudadan\u00eda. Cabe aclarar que el objetivo de la brigada no es sancionatorio, sino que busca facilitar la comprensi\u00f3n de los protocolos de cuidado, concientizar y educar.<\/p>\n<p style=\"font-weight: 400\">La coordinadora de Gesti\u00f3n Territorial y Transporte, M\u00f3nica Andreo, expuso que \u201cel personal municipal se transform\u00f3 en esa persona asesora, que acompa\u00f1a a cada comercio y a cada ciudadano con un di\u00e1logo directo, sobre las medidas preventivas en tanto al tema de COVID-19 como de dengue; intercambiamos definiciones, formas de cuidados y de prevenci\u00f3n y eso hizo que la Brigada sea reconocida por toda la ciudad y sea bien recibida por los comercios\u201d.<\/p>\n<p style=\"font-weight: 400\"><strong>Trabajo interdisciplinario<\/strong><\/p>\n<p style=\"font-weight: 400\">A partir de la semana pasada, la Brigada comenz\u00f3 a trabajar en conjunto con la Secretar\u00eda de Producci\u00f3n, Empleo e Innovaci\u00f3n, en la realizaci\u00f3n de actas de verificaci\u00f3n del Ministerio de Trabajo, Empleo y Seguridad Social de la provincia de Santa Fe.<\/p>\n<p style=\"font-weight: 400\">La coordinadora expres\u00f3 que \u201cesta \u00faltima semana la Brigada volvi\u00f3 a tener un rol muy importante, por las nuevas disposiciones provinciales y municipales. Tom\u00f3 el rol de acompa\u00f1ar los comercios mayoristas y minoristas exceptuados de cumplir con el aislamiento social, preventivo y obligatorio\u201d.<\/p>\n<p style=\"font-weight: 400\">Frente a esto, Andreo cont\u00f3 que \u201ccuando el Ministerio aprueba los protocolos de los comercios, es derivado a la Secretar\u00eda de Producci\u00f3n, Empleo e Innovaci\u00f3n, y nosotros estamos haciendo el \u00faltimo paso de este circuito, que comienza en los comerciantes y se trata de la verificaci\u00f3n del protocolo\u201d.<\/p>\n<p style=\"font-weight: 400\"><strong>Recomendaciones<\/strong><\/p>\n<p style=\"font-weight: 400\">Vale destacar la importancia de continuar con los recaudos necesarios y las medidas preventivas llevadas adelante hasta el momento, en el marco de la emergencia sanitaria, poniendo especial atenci\u00f3n en que cada rafaelino y rafaelina respete el distanciamiento social adecuado, las normas de salubridad y el uso obligatorio del barbijo.<\/p>\n<p style=\"font-weight: 400\">Para m\u00e1s informaci\u00f3n, consultas o dudas puntuales, es posible comunicarse con la l\u00ednea telef\u00f3nica gratuita 147 \u201cRafaela Responde\u201d, con atenci\u00f3n personalizada de lunes a s\u00e1bado de 8 a 20 horas. En la franja horaria restante, se activa un contestador autom\u00e1tico que acumula los mensajes hasta el ingreso del personal, que luego derivar\u00e1 cada caso al \u00e1rea correspondiente de manera inmediata.<\/p>\n","protected":false},"excerpt":{"rendered":"<p>La Brigada Sanitaria est\u00e1 conformada por 35 empleados municipales y actualmente se encuentra recorriendo la ciudad para capacitar, cuidar y<\/p>\n","protected":false},"author":2,"featured_media":21332,"comment_status":"open","ping_status":"open","sticky":false,"template":"","format":"standard","meta":{"footnotes":""},"categories":[1],"tags":[],"class_list":["post-21331","post","type-post","status-publish","format-standard","has-post-thumbnail","hentry","category-sin-categoria"],"cc_featured_image_caption":{"caption_text":"","source_text":"","source_url":""},"_links":{"self":[{"href":"https:\/\/todoapulmon-rafaela.com\/index.php\/wp-json\/wp\/v2\/posts\/21331"}],"collection":[{"href":"https:\/\/todoapulmon-rafaela.com\/index.php\/wp-json\/wp\/v2\/posts"}],"about":[{"href":"https:\/\/todoapulmon-rafaela.com\/index.php\/wp-json\/wp\/v2\/types\/post"}],"author":[{"embeddable":true,"href":"https:\/\/todoapulmon-rafaela.com\/index.php\/wp-json\/wp\/v2\/users\/2"}],"replies":[{"embeddable":true,"href":"https:\/\/todoapulmon-rafaela.com\/index.php\/wp-json\/wp\/v2\/comments?post=21331"}],"version-history":[{"count":1,"href":"https:\/\/todoapulmon-rafaela.com\/index.php\/wp-json\/wp\/v2\/posts\/21331\/revisions"}],"predecessor-version":[{"id":21333,"href":"https:\/\/todoapulmon-rafaela.com\/index.php\/wp-json\/wp\/v2\/posts\/21331\/revisions\/21333"}],"wp:featuredmedia":[{"embeddable":true,"href":"https:\/\/todoapulmon-rafaela.com\/index.php\/wp-json\/wp\/v2\/media\/21332"}],"wp:attachment":[{"href":"https:\/\/todoapulmon-rafaela.com\/index.php\/wp-json\/wp\/v2\/media?parent=21331"}],"wp:term":[{"taxonomy":"category","embeddable":true,"href":"https:\/\/todoapulmon-rafaela.com\/index.php\/wp-json\/wp\/v2\/categories?post=21331"},{"taxonomy":"post_tag","embeddable":true,"href":"https:\/\/todoapulmon-rafaela.com\/index.php\/wp-json\/wp\/v2\/tags?post=21331"}],"curies":[{"name":"wp","href":"https:\/\/api.w.org\/{rel}","templated":true}]}}