{"id":21101,"date":"2020-04-18T18:36:41","date_gmt":"2020-04-18T18:36:41","guid":{"rendered":"https:\/\/todoapulmon-rafaela.com\/?p=21101"},"modified":"2020-04-18T18:39:12","modified_gmt":"2020-04-18T18:39:12","slug":"como-dirigente-pensaria-en-trabajar-a-partir-de-agosto","status":"publish","type":"post","link":"https:\/\/todoapulmon-rafaela.com\/index.php\/2020\/04\/18\/como-dirigente-pensaria-en-trabajar-a-partir-de-agosto\/","title":{"rendered":"\u00abComo dirigente pensar\u00eda en trabajar a partir de agosto\u00bb"},"content":{"rendered":"<p><strong>(Por Dar\u00edo Guti\u00e9rrez).-<\/strong> Tiempos de clubes vac\u00edos porque hay quedarse en casa. Hasta que no se derrote a la pandemia del coronavirus ser\u00e1 una realidad inevitable, una situaci\u00f3n que se repite en todo el mundo. Claro que lo que no pasa en todo el globo, es lo referido a las dificultades con las que conviven la mayor\u00eda de los clubes de barrio en nuestro pa\u00eds. Porque al complicado panorama previo al 15 de marzo, se sum\u00f3 este flagelo que ha afectado a la econom\u00eda duramente y eso termina repercutiendo en las instituciones.<br \/>\nEl 2020 hab\u00eda arrancado con ilusiones para el CRAS, entidad dedicada con exclusividad al Atletismo y que, recordemos, tiene 20 a\u00f1os de vida, cuando surgi\u00f3 como Club de Viajeros, Servicios y Tiempo Libre, bajo lo cual funcionaba la Escuela de Atletismo. Luego, cambi\u00f3 su denominaci\u00f3n por Club Rafaelino de Atletismo y Servicios.<br \/>\nEn lo que originalmente se denomin\u00f3 \u00abparte ociosa del ex Ferrocarril Mitre\u00bb con el paso de los a\u00f1os se fueron modelando, pese a las exiguas medidas de terreno disponible, excelentes atletas que esperaban seguir progresando en esta temporada, luego de la explosi\u00f3n de buenos resultados de 2018 y 2019.<br \/>\nLa estructura de trabajo es similar al a\u00f1o pasado, con Natalia Elizalde con los m\u00e1s peque\u00f1os, Roc\u00edo Donnet con un mix de mosquitos e infantiles, Laureano Mu\u00f1oz en iniciaci\u00f3n a la competencia, y Leandro Bonamino junto a Ariel Magallanes a cargo de los grupos competivos y de alto rendimiento. Adem\u00e1s, Magallanes tambi\u00e9n con un nutrido grupo de runners.<br \/>\nDirigente desde los inicios, Luis Guglielmone como muchos otros en estos momentos dif\u00edciles, vive una situaci\u00f3n in\u00e9dita de c\u00f3mo gestionar en tiempos de pandemia. Y a tono con la realidad que marca el Covid 19, nos responde desde una \u00abpeque\u00f1a oficina de teletrabajo\u00bb, ya que nos cuenta que \u00abtrabaja desde casa al considerarse dentro del grupo de riesgo\u00bb.<br \/>\nA modo de introducci\u00f3n manifest\u00f3 que \u00abel a\u00f1o hab\u00eda empezado con buenas perspectivas. La pretemporada del grupo de competencia se inici\u00f3 a mediados de diciembre de 2019 y continu\u00f3 durante enero y febrero. Ese mes comenzamos las inscripciones, y las clases arrancaron en marzo. Se desarrollaron los 15 d\u00edas de ese mes hasta que apareci\u00f3 el Covid 19, hab\u00edamos logrado tener 130 chicos anotados en las diferentes categor\u00edas que trabajamos, a partir de los 5 a\u00f1os hasta mas de 20, y el grupo de runners que eran cerca de 40\u00bb.<br \/>\nComo no ha quedado otra manera de entrenar m\u00e1s all\u00e1 de la disciplina que sea, coment\u00f3 que \u00ablos profesores realizaron videos para mandarle a cada chico para que se mantengan en su ritmo de trabajo, que puedan hacer cosas en su casa, dentro del espacio que cada uno tenga y los elementos que posean en sus hogares\u00bb.<br \/>\nEn cuanto al panorama, como venimos informando en nuestra p\u00e1gina, respecto al calendario no es alentador y est\u00e1 sujeto a la incertidumbre propia de la soluci\u00f3n para la pandemia. \u00abLa CADA suspendi\u00f3 las competencias. Estimo que para octubre arrancar\u00eda y se prolongar\u00eda durante el verano. Pero sinceramente soy pesimista porque no se cu\u00e1nto va a salir viajar, el pa\u00eds est\u00e1 convulsionado en materia econ\u00f3mica y ser\u00e1 dificultoso\u00bb, manifest\u00f3 preocupado el vicepresidente del CRAS.<br \/>\nEn nuestra provincia, la Federaci\u00f3n tiene todo suspendido hasta fines de junio. Pero m\u00e1s all\u00e1 de eso, a modo de opini\u00f3n personal expuso que \u00abcomo dirigente pensar\u00eda en trabajar a partir de agosto, luego de los fr\u00edos grandes, para evitar problemas o contagios. Pero sinceramente, no soy muy positivo. No creo que por este a\u00f1o se pueda llegar a competir, por ejemplo Santa Fe Juega no ser\u00e1 posible, los Evita lo mismo. Se trabajar\u00e1 en la medida que se habiliten con el tiempo\u00bb.<\/p>\n<p><img loading=\"lazy\" decoding=\"async\" class=\"alignnone size-medium wp-image-21103\" src=\"https:\/\/todoapulmon-rafaela.com\/wp-content\/uploads\/2020\/04\/CRAS-Nacional-U16-y-18-300x300.jpg\" alt=\"CRAS Nacional U16 y 18\" width=\"300\" height=\"300\" srcset=\"https:\/\/todoapulmon-rafaela.com\/wp-content\/uploads\/2020\/04\/CRAS-Nacional-U16-y-18-300x300.jpg 300w, https:\/\/todoapulmon-rafaela.com\/wp-content\/uploads\/2020\/04\/CRAS-Nacional-U16-y-18-150x150.jpg 150w, https:\/\/todoapulmon-rafaela.com\/wp-content\/uploads\/2020\/04\/CRAS-Nacional-U16-y-18.jpg 774w\" sizes=\"(max-width: 300px) 100vw, 300px\" \/><\/p>\n<p>SOBRE LAS AYUDAS<\/p>\n<p>Consultado sobre las medidas que anunci\u00f3 el gobierno nacional para los clubes, Guglielmone expres\u00f3 que \u00abno nos toca, ya que son medidas para Federaciones y clubes de 100 empleados para arriba o un poco menos. Nosotros no tenemos en relaci\u00f3n de dependencia asi que no nos compete\u00bb.<br \/>\nDe todos modos, se mostr\u00f3 cr\u00edtico enel sentido que \u00abtodo lo que se hace en materia de sanidad, se piensa en Capital Federal y Gran Buenos Aires. Creo que para el resto, el interior no existe. En estos d\u00edas que estoy un poco mas liberado y con mayor tiempo disponible, he le\u00eddo a periodistas del interior y tienen un pensamiento y visi\u00f3n distinta de muchas cosas. Esto te abre un poco mas la mente y vamos a ver que pasa\u00bb.<\/p>\n<p><img loading=\"lazy\" decoding=\"async\" class=\"alignnone size-medium wp-image-21104\" src=\"https:\/\/todoapulmon-rafaela.com\/wp-content\/uploads\/2020\/04\/Cras-para-nuevo-predio-300x200.jpg\" alt=\"Cras para nuevo predio\" width=\"300\" height=\"200\" srcset=\"https:\/\/todoapulmon-rafaela.com\/wp-content\/uploads\/2020\/04\/Cras-para-nuevo-predio-300x200.jpg 300w, https:\/\/todoapulmon-rafaela.com\/wp-content\/uploads\/2020\/04\/Cras-para-nuevo-predio.jpg 1080w\" sizes=\"(max-width: 300px) 100vw, 300px\" \/><\/p>\n<p>PROYECTO PARADO<\/p>\n<p>\u00abEl Club est\u00e1 mal econ\u00f3micamente, Y con esto ni hablar. Del famoso proyecto que ten\u00cdamos en marcha, se intent\u00f3 el a\u00f1o pasado comenzar a trabajar en algo, pero lamentablemente nos agarraron tres devaluaciones grandes que impidieron la continuaci\u00f3n\u00bb, acot\u00f3 ante el tema obras.<br \/>\nRecordemos que el Club tuvo el visto bueno para anexar un terreno contiguo del Ferrocarril que tiene 11 metros de ancho por 220 de largo. El proyecto original contemplaba hacer cuatro correderas de 150 metros, dos correderas de 200 metros y tener un lugar separado para hacer salto con garrocha. Luego una serie de mejoras en cuanto a vestuarios, un \u00e1rea social y una dependencia administrativa.<br \/>\nFinalmente, un aspecto que es imperioso solucionar y al que hizo referencia Guglielmone es que \u00abhoy por hoy estamos sin la subsistencia renovada de la personer\u00eda jur\u00eddica, porque nos agarr\u00f3 este parate y te limita para pedir cosas. Pero en emergencias como estas, yo actuar\u00eda diferente, no tendr\u00eda en cuenta eso y ayudar\u00eda igual. La parte econ\u00f3mica para nosotros es complicada\u00bb.<\/p>\n","protected":false},"excerpt":{"rendered":"<p>(Por Dar\u00edo Guti\u00e9rrez).- Tiempos de clubes vac\u00edos porque hay quedarse en casa. Hasta que no se derrote a la pandemia<\/p>\n","protected":false},"author":2,"featured_media":21107,"comment_status":"open","ping_status":"open","sticky":false,"template":"","format":"standard","meta":{"footnotes":""},"categories":[7,24],"tags":[],"class_list":["post-21101","post","type-post","status-publish","format-standard","has-post-thumbnail","hentry","category-atletismo","category-noticias-destacadas"],"cc_featured_image_caption":{"caption_text":"Luis Guglielmone y Carlos Durando, dirigentes referentes del CRAS.","source_text":"","source_url":""},"_links":{"self":[{"href":"https:\/\/todoapulmon-rafaela.com\/index.php\/wp-json\/wp\/v2\/posts\/21101"}],"collection":[{"href":"https:\/\/todoapulmon-rafaela.com\/index.php\/wp-json\/wp\/v2\/posts"}],"about":[{"href":"https:\/\/todoapulmon-rafaela.com\/index.php\/wp-json\/wp\/v2\/types\/post"}],"author":[{"embeddable":true,"href":"https:\/\/todoapulmon-rafaela.com\/index.php\/wp-json\/wp\/v2\/users\/2"}],"replies":[{"embeddable":true,"href":"https:\/\/todoapulmon-rafaela.com\/index.php\/wp-json\/wp\/v2\/comments?post=21101"}],"version-history":[{"count":2,"href":"https:\/\/todoapulmon-rafaela.com\/index.php\/wp-json\/wp\/v2\/posts\/21101\/revisions"}],"predecessor-version":[{"id":21106,"href":"https:\/\/todoapulmon-rafaela.com\/index.php\/wp-json\/wp\/v2\/posts\/21101\/revisions\/21106"}],"wp:featuredmedia":[{"embeddable":true,"href":"https:\/\/todoapulmon-rafaela.com\/index.php\/wp-json\/wp\/v2\/media\/21107"}],"wp:attachment":[{"href":"https:\/\/todoapulmon-rafaela.com\/index.php\/wp-json\/wp\/v2\/media?parent=21101"}],"wp:term":[{"taxonomy":"category","embeddable":true,"href":"https:\/\/todoapulmon-rafaela.com\/index.php\/wp-json\/wp\/v2\/categories?post=21101"},{"taxonomy":"post_tag","embeddable":true,"href":"https:\/\/todoapulmon-rafaela.com\/index.php\/wp-json\/wp\/v2\/tags?post=21101"}],"curies":[{"name":"wp","href":"https:\/\/api.w.org\/{rel}","templated":true}]}}