{"id":21066,"date":"2020-04-08T13:25:55","date_gmt":"2020-04-08T13:25:55","guid":{"rendered":"https:\/\/todoapulmon-rafaela.com\/?p=21066"},"modified":"2020-04-08T13:28:14","modified_gmt":"2020-04-08T13:28:14","slug":"estoy-entrenando-manana-y-tarde-en-el-departamento","status":"publish","type":"post","link":"https:\/\/todoapulmon-rafaela.com\/index.php\/2020\/04\/08\/estoy-entrenando-manana-y-tarde-en-el-departamento\/","title":{"rendered":"\u00abEstoy entrenando ma\u00f1ana y tarde en el departamento\u00bb"},"content":{"rendered":"<p>Desde el comienzo de su carrera, Meli Gretter nunca hab\u00eda tenido interrupciones demasiado prolongadas debido a lesiones. Pero a mediados de 2019 sufri\u00f3 la fractura del quinto metacarpiano de la mano derecha, cuando disputaba las finales de la Liga Brasilera con el Vera Cruz Campinas, y eso le demand\u00f3 siete meses de inactividad oficial.<br \/>\nCon la llegada del nuevo a\u00f1o, junto a la buena noticia de la recuperaci\u00f3n, lleg\u00f3 el cambio de equipo en Brasil para pasar a defender los colores del Sampaio Basquete. Sin embargo, apenas pudo disputar el primer partido del torneo, ya que la pandemia del coronavirus fren\u00f3 la actividad deportiva como en casi todo el mundo.<br \/>\n\u00abEl 13 de marzo volv\u00ed a jugar, en mi primer partido del 2020, despu\u00e9s de estar parada 7 meses por la lesi\u00f3n que sufr\u00ed en la mano el a\u00f1o pasado. La verdad antes del partido estaba con muchos nervios, miedo, adrenalina, ansiedad..pero una vez que sub\u00eda la pelota al aire desapareci\u00f3 todo y disfrut\u00e9 al m\u00e1ximo de estar nuevamente en un cancha, disfrutando de este deporte tan lindo\u00bb, nos cont\u00f3 la jugadora rafaelina desde Maranhao.<br \/>\nEl per\u00edodo de cuarentena le impidi\u00f3 tener un mayor conocimiento de la ciudad. \u00abNo la conozco mucho, no dio tiempo a que pueda salir a recorrer. Pero por lo que yo s\u00e9, es una ciudad tur\u00edstica por cuenta de las playas, dicen que son muy lindas, jaja\u00bb, sonri\u00f3 deseando poder pronto estar en ellas.<br \/>\nEl Sampaio, campe\u00f3n defensor de la Liga Brasilera, tiene en su plantilla mayor\u00eda de jugadoras de la selecci\u00f3n de ese pa\u00eds, por lo que sumado a la base titular y referente de la selecci\u00f3n argentina lo convierten nuevamente en candidato. \u00abTengo como compa\u00f1eras a Taina Paix\u00e3o, Ramona, Rapha Monteiro, Tati Pacheco, Gil.. Erika que todav\u00eda no se sum\u00f3 al equipo, pero ya tiene contrato. Y Gabi Guimar\u00e3es que jug\u00f3 3&#215;3 con la selecci\u00f3n brasilera. Despu\u00e9s hay 4 jugadoras que sonde la ciudad\u00bb, describi\u00f3 en cuanto al gran potencial de la escuadra.<\/p>\n<p>LOS DIAS DE CUARENTENA<\/p>\n<p>En Brasil hay algunas diferencias con el per\u00edodo de aislamiento para frenar la pandemia del coronavirus. Sobre lo que ocurre en su ciudad, Meli expres\u00f3 que \u00abme encuentro ac\u00e1 desde el 1 de marzo, que fue el d\u00eda que me sum\u00e9 al nuevo equipo de cara a una temporada m\u00e1s en este pa\u00eds. La cuarentena no es obligatoria (no hay multas ni nada de eso para la gente que no cumple) pero si la mayor\u00eda de los Estados est\u00e1n todos parados, solo funcionan las cosas esenciales\u00bb.<\/p>\n<blockquote class=\"twitter-tweet\" data-width=\"550\">\n<p lang=\"es\" dir=\"ltr\">!Todos en casa pero activos! <a href=\"https:\/\/twitter.com\/hashtag\/YoMeQuedoEnCasa?src=hash&amp;ref_src=twsrc%5Etfw\">#YoMeQuedoEnCasa<\/a> <a href=\"https:\/\/twitter.com\/LBF_Oficial?ref_src=twsrc%5Etfw\">@LBF_Oficial<\/a> <a href=\"https:\/\/twitter.com\/SampaioBasquete?ref_src=twsrc%5Etfw\">@SampaioBasquete<\/a> <a href=\"https:\/\/twitter.com\/cabboficial?ref_src=twsrc%5Etfw\">@cabboficial<\/a> <a href=\"https:\/\/t.co\/yCFWhNN4pU\">pic.twitter.com\/yCFWhNN4pU<\/a><\/p>\n<p>&mdash; Melisa Gretter (@MeliGretter11) <a href=\"https:\/\/twitter.com\/MeliGretter11\/status\/1241094527185760260?ref_src=twsrc%5Etfw\">March 20, 2020<\/a><\/p><\/blockquote>\n<p><script async src=\"https:\/\/platform.twitter.com\/widgets.js\" charset=\"utf-8\"><\/script><br \/>\nSobre como trata de mantenerse en forma, prioritario para todo deportista de alto rendimiento, expres\u00f3 que \u00ablos deportistas trabajamos con nuestro f\u00edsico, as\u00ed que es esencial continuar con los entrenamientos. De una u otra manera tenemos que adaptarnos al espacio con el contamos, pero no parar de hacer alguna actividad\u00bb.<br \/>\nAcot\u00f3 que \u00abYo estoy en contacto con el preparador f\u00edsico del club y tambi\u00e9n con el preparador f\u00edsico de la selecci\u00f3n Argentina. Son ellos los que me arman los entrenamientos..Estoy entrenando ma\u00f1ana y tarde en el departamento..\u00bb<br \/>\nComo mensaje de despedida sobre este momento tan dif\u00edcil en todos los continentes, puntualiz\u00f3 que \u00abes una situaci\u00f3n dif\u00edcil la que el mundo est\u00e1 pasando, pero todos tenemos que ser conscientes y hacer todo lo que los m\u00e9dicos y especialistas de salud dicen\u00bb.<\/p>\n","protected":false},"excerpt":{"rendered":"<p>Desde el comienzo de su carrera, Meli Gretter nunca hab\u00eda tenido interrupciones demasiado prolongadas debido a lesiones. Pero a mediados<\/p>\n","protected":false},"author":2,"featured_media":21067,"comment_status":"open","ping_status":"open","sticky":false,"template":"","format":"standard","meta":{"footnotes":""},"categories":[5,24],"tags":[],"class_list":["post-21066","post","type-post","status-publish","format-standard","has-post-thumbnail","hentry","category-basquet","category-noticias-destacadas"],"cc_featured_image_caption":{"caption_text":"Meli Gretter pudo jugar solamente un partido con el Sampaio Basquete.","source_text":"","source_url":""},"_links":{"self":[{"href":"https:\/\/todoapulmon-rafaela.com\/index.php\/wp-json\/wp\/v2\/posts\/21066"}],"collection":[{"href":"https:\/\/todoapulmon-rafaela.com\/index.php\/wp-json\/wp\/v2\/posts"}],"about":[{"href":"https:\/\/todoapulmon-rafaela.com\/index.php\/wp-json\/wp\/v2\/types\/post"}],"author":[{"embeddable":true,"href":"https:\/\/todoapulmon-rafaela.com\/index.php\/wp-json\/wp\/v2\/users\/2"}],"replies":[{"embeddable":true,"href":"https:\/\/todoapulmon-rafaela.com\/index.php\/wp-json\/wp\/v2\/comments?post=21066"}],"version-history":[{"count":2,"href":"https:\/\/todoapulmon-rafaela.com\/index.php\/wp-json\/wp\/v2\/posts\/21066\/revisions"}],"predecessor-version":[{"id":21069,"href":"https:\/\/todoapulmon-rafaela.com\/index.php\/wp-json\/wp\/v2\/posts\/21066\/revisions\/21069"}],"wp:featuredmedia":[{"embeddable":true,"href":"https:\/\/todoapulmon-rafaela.com\/index.php\/wp-json\/wp\/v2\/media\/21067"}],"wp:attachment":[{"href":"https:\/\/todoapulmon-rafaela.com\/index.php\/wp-json\/wp\/v2\/media?parent=21066"}],"wp:term":[{"taxonomy":"category","embeddable":true,"href":"https:\/\/todoapulmon-rafaela.com\/index.php\/wp-json\/wp\/v2\/categories?post=21066"},{"taxonomy":"post_tag","embeddable":true,"href":"https:\/\/todoapulmon-rafaela.com\/index.php\/wp-json\/wp\/v2\/tags?post=21066"}],"curies":[{"name":"wp","href":"https:\/\/api.w.org\/{rel}","templated":true}]}}