{"id":21057,"date":"2020-04-04T23:01:52","date_gmt":"2020-04-04T23:01:52","guid":{"rendered":"https:\/\/todoapulmon-rafaela.com\/?p=21057"},"modified":"2020-04-04T23:01:52","modified_gmt":"2020-04-04T23:01:52","slug":"atletico-de-rafaela-se-suma-como-centro-de-aislamiento","status":"publish","type":"post","link":"https:\/\/todoapulmon-rafaela.com\/index.php\/2020\/04\/04\/atletico-de-rafaela-se-suma-como-centro-de-aislamiento\/","title":{"rendered":"Atl\u00e9tico de Rafaela se suma como centro de aislamiento"},"content":{"rendered":"<p class=\"x_MsoNormal\"><span lang=\"ES-TRAD\">El club Atl\u00e9tico de Rafaela se sumar\u00e1 como centro de aislamiento para pacientes COVID 19 que presenten un cuadro leve, necesiten cumplir el aislamiento y no puedan realizarlo en sus hogares.<\/span><\/p>\n<p class=\"x_MsoNormal\"><span lang=\"ES-TRAD\">Con este nuevo espacio la ciudad dispondr\u00e1 de 350 camas m\u00e1s para atender una posible expansi\u00f3n del contagio. Recordemos que junto a los clubes 9 de Julio y Ben Hur que ya sumaban 450 camas, ahora la ciudad tendr\u00e1 un total de 800 plazas para atenci\u00f3n en caso de un brote de la enfermedad.<\/span><\/p>\n<p class=\"x_MsoNormal\"><span lang=\"ES-TRAD\">Los centros ser\u00e1n utilizados para atender enfermos cuyas familias presentan una situaci\u00f3n de vulnerabilidad para realizar el aislamiento dentro de su vivienda y evitar as\u00ed el contagio al resto de los miembros.<\/span><\/p>\n<p class=\"x_MsoNormal\"><span lang=\"ES-TRAD\">Oportunamente, el intendente Luis Castellano expres\u00f3 al respecto: \u201cEstamos en constante an\u00e1lisis de proyectos, fondos y recursos. Es un gran trabajo de todo un equipo. Buscamos ir un paso adelante de lo que pudiera suceder. Ojal\u00e1 no pase, pero lo tenemos que tener previsto\u00bb.<\/span><\/p>\n<p class=\"x_MsoNormal\"><span lang=\"ES-TRAD\">Tambi\u00e9n agradeci\u00f3 a los dirigentes de todos los clubes de Rafaela por la predisposici\u00f3n absoluta para poder organizar estos centros.<\/span><\/p>\n<p class=\"x_MsoNormal\"><span lang=\"ES-TRAD\">Es importante destacar que una parte de los fondos que se destinan para la conformaci\u00f3n de estos centros provienen del gobierno de la provincia a partir de la Ley que se vot\u00f3 en Senadores y Diputados, que le permite ahora al Gobernador Omar Perotti realizar las transferencias para que los distintos municipios y comunas puedan atender los casos.<\/span><\/p>\n","protected":false},"excerpt":{"rendered":"<p>El club Atl\u00e9tico de Rafaela se sumar\u00e1 como centro de aislamiento para pacientes COVID 19 que presenten un cuadro leve,<\/p>\n","protected":false},"author":2,"featured_media":21058,"comment_status":"open","ping_status":"open","sticky":false,"template":"","format":"standard","meta":{"footnotes":""},"categories":[24],"tags":[],"class_list":["post-21057","post","type-post","status-publish","format-standard","has-post-thumbnail","hentry","category-noticias-destacadas"],"cc_featured_image_caption":{"caption_text":"","source_text":"","source_url":""},"_links":{"self":[{"href":"https:\/\/todoapulmon-rafaela.com\/index.php\/wp-json\/wp\/v2\/posts\/21057"}],"collection":[{"href":"https:\/\/todoapulmon-rafaela.com\/index.php\/wp-json\/wp\/v2\/posts"}],"about":[{"href":"https:\/\/todoapulmon-rafaela.com\/index.php\/wp-json\/wp\/v2\/types\/post"}],"author":[{"embeddable":true,"href":"https:\/\/todoapulmon-rafaela.com\/index.php\/wp-json\/wp\/v2\/users\/2"}],"replies":[{"embeddable":true,"href":"https:\/\/todoapulmon-rafaela.com\/index.php\/wp-json\/wp\/v2\/comments?post=21057"}],"version-history":[{"count":1,"href":"https:\/\/todoapulmon-rafaela.com\/index.php\/wp-json\/wp\/v2\/posts\/21057\/revisions"}],"predecessor-version":[{"id":21059,"href":"https:\/\/todoapulmon-rafaela.com\/index.php\/wp-json\/wp\/v2\/posts\/21057\/revisions\/21059"}],"wp:featuredmedia":[{"embeddable":true,"href":"https:\/\/todoapulmon-rafaela.com\/index.php\/wp-json\/wp\/v2\/media\/21058"}],"wp:attachment":[{"href":"https:\/\/todoapulmon-rafaela.com\/index.php\/wp-json\/wp\/v2\/media?parent=21057"}],"wp:term":[{"taxonomy":"category","embeddable":true,"href":"https:\/\/todoapulmon-rafaela.com\/index.php\/wp-json\/wp\/v2\/categories?post=21057"},{"taxonomy":"post_tag","embeddable":true,"href":"https:\/\/todoapulmon-rafaela.com\/index.php\/wp-json\/wp\/v2\/tags?post=21057"}],"curies":[{"name":"wp","href":"https:\/\/api.w.org\/{rel}","templated":true}]}}