{"id":21053,"date":"2020-04-03T22:38:27","date_gmt":"2020-04-03T22:38:27","guid":{"rendered":"https:\/\/todoapulmon-rafaela.com\/?p=21053"},"modified":"2020-04-03T22:38:27","modified_gmt":"2020-04-03T22:38:27","slug":"ben-hur-y-9-de-julio-sumaran-450-camas-para-pacientes-leves-de-covid-19","status":"publish","type":"post","link":"https:\/\/todoapulmon-rafaela.com\/index.php\/2020\/04\/03\/ben-hur-y-9-de-julio-sumaran-450-camas-para-pacientes-leves-de-covid-19\/","title":{"rendered":"Ben Hur y 9 de Julio sumar\u00e1n 450 camas para pacientes leves de COVID 19"},"content":{"rendered":"<p style=\"font-weight: 400\">El intendente Luis Castellano junto a su equipo de trabajo, contin\u00faan atendiendo diferentes aspectos para preparar la ciudad ante una posible expansi\u00f3n de los contagios de coronavirus.<\/p>\n<p style=\"font-weight: 400\">En estos momentos se avanza en centros de aislamiento para pacientes COVID 19 que presenten un cuadro leve y que necesiten cumplir el aislamiento y no puedan realizarlo en sus hogares.<\/p>\n<p style=\"font-weight: 400\">\u201cSe utilizar\u00e1n las instalaciones de los clubes 9 de Julio y Ben Hur, de calle Saavedra, para que funcionen como un dispositivo de alojamiento para las personas que no puedan cumplir con el aislamiento social en sus domicilios particulares\u201d, explic\u00f3 el Intendente.<\/p>\n<p style=\"font-weight: 400\">\u201cSon dos instalaciones que vamos a utilizar porque va a ser necesario realizar una separaci\u00f3n entre mujeres y varones. Estaremos contando con 450 camas para atender los diferentes casos leves\u201d, detall\u00f3.<\/p>\n<p style=\"font-weight: 400\">Tambi\u00e9n agradeci\u00f3 \u201ca los dirigentes por la predisposici\u00f3n absoluta para poder organizar estos centros del aislamiento. Todos los clubes nos han ofrecido sus instalaciones, pero consideramos que los elegidos eran los lugares que ten\u00edan las condiciones que m\u00e1s nos serv\u00edan\u201d.<\/p>\n<p style=\"font-weight: 400\">Por otro lado, adelant\u00f3: \u201cSeguramente la semana que viene los vamos a tener preparados y a disposici\u00f3n para ir ingresando aquellos pacientes que tengan coronavirus y que no tengan posibilidades de aislarse\u201d.<\/p>\n<p style=\"font-weight: 400\">Al respecto, dijo que \u201csabemos que hay situaciones en donde familias presentan dificultades para realizar el aislamiento porque tienen muy pocos metros cuadrados de vivienda y son muchos. Son familias que tienen alg\u00fan grado de vulnerabilidad y que si alg\u00fan miembro se contagia de coronavirus, va a terminar contagiando a todo el n\u00facleo familiar\u201d.<\/p>\n<p style=\"font-weight: 400\"><img loading=\"lazy\" decoding=\"async\" class=\"alignnone size-medium wp-image-21055\" src=\"https:\/\/todoapulmon-rafaela.com\/wp-content\/uploads\/2020\/04\/9-de-Julio-300x225.jpg\" alt=\"9 de Julio\" width=\"300\" height=\"225\" srcset=\"https:\/\/todoapulmon-rafaela.com\/wp-content\/uploads\/2020\/04\/9-de-Julio-300x225.jpg 300w, https:\/\/todoapulmon-rafaela.com\/wp-content\/uploads\/2020\/04\/9-de-Julio.jpg 1280w\" sizes=\"(max-width: 300px) 100vw, 300px\" \/><\/p>\n<p style=\"font-weight: 400\"><strong>Prepararse con tiempo<\/strong><\/p>\n<p style=\"font-weight: 400\">\u201cEstamos en constante an\u00e1lisis de proyectos, fondos y recursos. Es un gran trabajo de todo un equipo. Buscamos ir un paso adelante de lo que pudiera suceder. Ojal\u00e1 no pase, pero lo tenemos que tener previsto\u201d, enfatiz\u00f3.<\/p>\n<p style=\"font-weight: 400\">Adem\u00e1s, cont\u00f3 que \u201cen el Comit\u00e9 de Crisis dispuesto por el gobierno provincial se inform\u00f3 que desde provincia estaba el dep\u00f3sito del fondo para municipios y comunas para atender la emergencia de conoravirus\u201d.<\/p>\n<p style=\"font-weight: 400\">\u201cEsto es a partir de la Ley que se vot\u00f3 en Senadores y Diputados, que le permite ahora al Gobernador Omar Perotti, realizar las transferencias para que los distintos municipios y comunas puedan atender los casos. Parte de lo que reciba la ciudad, va est\u00e1s destinado a los centros de evacuaci\u00f3n y aislamiento\u201d, finaliz\u00f3.<\/p>\n","protected":false},"excerpt":{"rendered":"<p>El intendente Luis Castellano junto a su equipo de trabajo, contin\u00faan atendiendo diferentes aspectos para preparar la ciudad ante una<\/p>\n","protected":false},"author":2,"featured_media":21054,"comment_status":"open","ping_status":"open","sticky":false,"template":"","format":"standard","meta":{"footnotes":""},"categories":[24],"tags":[],"class_list":["post-21053","post","type-post","status-publish","format-standard","has-post-thumbnail","hentry","category-noticias-destacadas"],"cc_featured_image_caption":{"caption_text":"","source_text":"","source_url":""},"_links":{"self":[{"href":"https:\/\/todoapulmon-rafaela.com\/index.php\/wp-json\/wp\/v2\/posts\/21053"}],"collection":[{"href":"https:\/\/todoapulmon-rafaela.com\/index.php\/wp-json\/wp\/v2\/posts"}],"about":[{"href":"https:\/\/todoapulmon-rafaela.com\/index.php\/wp-json\/wp\/v2\/types\/post"}],"author":[{"embeddable":true,"href":"https:\/\/todoapulmon-rafaela.com\/index.php\/wp-json\/wp\/v2\/users\/2"}],"replies":[{"embeddable":true,"href":"https:\/\/todoapulmon-rafaela.com\/index.php\/wp-json\/wp\/v2\/comments?post=21053"}],"version-history":[{"count":1,"href":"https:\/\/todoapulmon-rafaela.com\/index.php\/wp-json\/wp\/v2\/posts\/21053\/revisions"}],"predecessor-version":[{"id":21056,"href":"https:\/\/todoapulmon-rafaela.com\/index.php\/wp-json\/wp\/v2\/posts\/21053\/revisions\/21056"}],"wp:featuredmedia":[{"embeddable":true,"href":"https:\/\/todoapulmon-rafaela.com\/index.php\/wp-json\/wp\/v2\/media\/21054"}],"wp:attachment":[{"href":"https:\/\/todoapulmon-rafaela.com\/index.php\/wp-json\/wp\/v2\/media?parent=21053"}],"wp:term":[{"taxonomy":"category","embeddable":true,"href":"https:\/\/todoapulmon-rafaela.com\/index.php\/wp-json\/wp\/v2\/categories?post=21053"},{"taxonomy":"post_tag","embeddable":true,"href":"https:\/\/todoapulmon-rafaela.com\/index.php\/wp-json\/wp\/v2\/tags?post=21053"}],"curies":[{"name":"wp","href":"https:\/\/api.w.org\/{rel}","templated":true}]}}