{"id":21023,"date":"2020-03-30T13:20:20","date_gmt":"2020-03-30T13:20:20","guid":{"rendered":"https:\/\/todoapulmon-rafaela.com\/?p=21023"},"modified":"2020-03-30T13:20:20","modified_gmt":"2020-03-30T13:20:20","slug":"el-coi-dio-la-nueva-fecha-para-los-juegos-olimpicos","status":"publish","type":"post","link":"https:\/\/todoapulmon-rafaela.com\/index.php\/2020\/03\/30\/el-coi-dio-la-nueva-fecha-para-los-juegos-olimpicos\/","title":{"rendered":"El COI dio la nueva fecha para los Juegos Ol\u00edmpicos"},"content":{"rendered":"<p>Los Juegos Ol\u00edmpicos de Tokio 2020 , que fueron aplazados debido a la crisis por la pandemia del coronavirus , comenzar\u00e1n el viernes 23 de julio de 2021, anunciaron este lunes los organizadores, un a\u00f1o despu\u00e9s de la fecha prevista inicialmente (el viernes 24 de julio de 2020).<br \/>\n\u00abLos Juegos Ol\u00edmpicos se disputar\u00e1n entre el 23 de julio y el 8 de agosto de 2021. Mientras que los Paral\u00edmpicos ir\u00e1n del 24 de agosto al 5 de septiembre\u00bb , afirm\u00f3 el presidente del comit\u00e9 de organizaci\u00f3n local de Tokio 2020, Yoshiro Mori, en una conferencia de prensa. Solo unas pocas horas antes, Mori hab\u00eda se\u00f1alado que se esperaba esta semana una decisi\u00f3n por parte del Comit\u00e9 Ol\u00edmpico Internacional (COI) sobre las nuevas fechas.<br \/>\nLa decisi\u00f3n llega menos de una semana despu\u00e9s de que los organizadores y el COI anunciaran el hist\u00f3rico aplazamiento , tras una fuerte presi\u00f3n de atletas y federaciones deportivas. Hab\u00edan surgido especulaciones de que los organizadores japoneses podr\u00edan aprovechar este aplazamiento para colocar los Juegos en la primavera japonesa, para evitar las altas temperaturas del verano de Tokio, que era una de las preocupaciones principales antes de la llegada del coronavirus. Debido al calor, el marat\u00f3n hab\u00eda sido trasladado a Sapporo, una ciudad a 800 kil\u00f3metros al norte de Tokio, donde las temperaturas son menores.<br \/>\nEl aplazamiento puso a los organizadores en una tarea \u00absin precedentes\u00bb para volver a armar el evento , y el director general del comit\u00e9 de organizaci\u00f3n de Tokio 2020, Toshiro Muto, admiti\u00f3 que los costos adicionales ser\u00e1n \u00abmasivos\u00bb.<\/p>\n<p>LOS CLASIFICADOS SE MANTENDRAN<\/p>\n<p>El presidente del Comit\u00e9 Ol\u00edmpico Internacional (COI),\u00a0<strong>Thomas Bach<\/strong>, ha garantizado que todos los deportistas que ya hab\u00edan conseguido su billete para los Juegos Ol\u00edmpicos de Tokio, aplazados a 2021 por la pandemia de coronavirus COVID-19, continuar\u00e1n \u00abclasificados\u00bb para la cita del pr\u00f3ximo a\u00f1o.<\/p>\n<p>\u00abEst\u00e1 claro que los deportistas que se clasificaron para los Juegos Ol\u00edmpicos de\u00a0<strong>Tokyo 2020\u00a0<\/strong>seguir\u00e1n clasificados. Esto se debe a que estos Juegos Ol\u00edmpicos de Tokyo 2020, de acuerdo con Jap\u00f3n, seguir\u00e1n siendo los Juegos de la XXXII Olimpiada\u00bb, explic\u00f3 Bach en un comunicado emitido por el COI a trav\u00e9s de Twitter.<\/p>\n<p>Fuente: AFP.<\/p>\n","protected":false},"excerpt":{"rendered":"<p>Los Juegos Ol\u00edmpicos de Tokio 2020 , que fueron aplazados debido a la crisis por la pandemia del coronavirus ,<\/p>\n","protected":false},"author":2,"featured_media":21024,"comment_status":"open","ping_status":"open","sticky":false,"template":"","format":"standard","meta":{"footnotes":""},"categories":[24],"tags":[],"class_list":["post-21023","post","type-post","status-publish","format-standard","has-post-thumbnail","hentry","category-noticias-destacadas"],"cc_featured_image_caption":{"caption_text":"Los Juegos Ol\u00edmpicos ser\u00e1n un a\u00f1o despu\u00e9s de la fecha original (foto Reuters).","source_text":"","source_url":""},"_links":{"self":[{"href":"https:\/\/todoapulmon-rafaela.com\/index.php\/wp-json\/wp\/v2\/posts\/21023"}],"collection":[{"href":"https:\/\/todoapulmon-rafaela.com\/index.php\/wp-json\/wp\/v2\/posts"}],"about":[{"href":"https:\/\/todoapulmon-rafaela.com\/index.php\/wp-json\/wp\/v2\/types\/post"}],"author":[{"embeddable":true,"href":"https:\/\/todoapulmon-rafaela.com\/index.php\/wp-json\/wp\/v2\/users\/2"}],"replies":[{"embeddable":true,"href":"https:\/\/todoapulmon-rafaela.com\/index.php\/wp-json\/wp\/v2\/comments?post=21023"}],"version-history":[{"count":1,"href":"https:\/\/todoapulmon-rafaela.com\/index.php\/wp-json\/wp\/v2\/posts\/21023\/revisions"}],"predecessor-version":[{"id":21025,"href":"https:\/\/todoapulmon-rafaela.com\/index.php\/wp-json\/wp\/v2\/posts\/21023\/revisions\/21025"}],"wp:featuredmedia":[{"embeddable":true,"href":"https:\/\/todoapulmon-rafaela.com\/index.php\/wp-json\/wp\/v2\/media\/21024"}],"wp:attachment":[{"href":"https:\/\/todoapulmon-rafaela.com\/index.php\/wp-json\/wp\/v2\/media?parent=21023"}],"wp:term":[{"taxonomy":"category","embeddable":true,"href":"https:\/\/todoapulmon-rafaela.com\/index.php\/wp-json\/wp\/v2\/categories?post=21023"},{"taxonomy":"post_tag","embeddable":true,"href":"https:\/\/todoapulmon-rafaela.com\/index.php\/wp-json\/wp\/v2\/tags?post=21023"}],"curies":[{"name":"wp","href":"https:\/\/api.w.org\/{rel}","templated":true}]}}