{"id":21002,"date":"2020-03-27T17:07:34","date_gmt":"2020-03-27T17:07:34","guid":{"rendered":"https:\/\/todoapulmon-rafaela.com\/?p=21002"},"modified":"2020-03-27T18:21:25","modified_gmt":"2020-03-27T18:21:25","slug":"en-italia-inicialmente-subestimaron-el-problema","status":"publish","type":"post","link":"https:\/\/todoapulmon-rafaela.com\/index.php\/2020\/03\/27\/en-italia-inicialmente-subestimaron-el-problema\/","title":{"rendered":"\u00abEn Italia inicialmente subestimaron el problema\u00bb"},"content":{"rendered":"<p>A m\u00e1s de una d\u00e9cada desde su llegada inicial a Italia, Nicol\u00e1s Pairone ha dejado de lado el basquet profesional. No obstante, estuvo jugando hasta fines de febrero cuando la pandemia del coronavirus interrumpi\u00f3 las competencias. Actualmente est\u00e1 abocado a trabajar en el desarrollo de p\u00e1ginas web y marketing, pero en cuanto a alteraciones desde ese punto de vista no ha cambiado demasiado el panorama, ya que lo ven\u00eda haciendo desde su casa con anterioridad.<\/p>\n<p>\u00abDesde que volvimos a Italia estuve en distintas ciudades, pero \u00abla base\u00bb la tenemos en Amandola (FM) una ciudad de monta\u00f1a muy chica en la regi\u00f3n Marche (centro\/ este de Italia)\u00bb, nos cuenta sobre su lugar de radicaci\u00f3n.<\/p>\n<p>El alero categor\u00eda &#8217;87 surgido de Atl\u00e9tico Rafaela, y que tambi\u00e9n pas\u00f3 por Libertad de Sunchales, tuvo satisfacciones importantes en aquel pa\u00eds, como\u00a0el t\u00edtulo que logr\u00f3\u00a0 con el ABM Macerata Basket en la serie C2, en su primera temporada, all\u00e1 por la 2009\/10. Luego fue transitando por distintas experiencias y en cuanto a los \u00faltimos a\u00f1os, cont\u00f3 que \u00abtras la pausa en Argentina, despu\u00e9s de jugar en Pav\u00eda en el 2016 estuve &#8216;alejado&#8217; del basquet, resolviendo algunos temas personales y concentr\u00e1ndome en el trabajo. Pero desde que regres\u00e9 a Italia, cerca de las fiestas, me volvi\u00f3 a picar el bicho y acept\u00e9 entrenarme en un club de serie D. PEDASO, pero con 1 o 2 entrenamientos a la semana, siempre por cuestiones laborales\u00bb.<\/p>\n<p>Con los buenos antecedentes de Pairone en el ascenso italiano, fue una noticia saliente en ese club y en la categor\u00eda. \u00abVen\u00edamos\u00a0muy bien&#8230; Segundos en la tabla, le ganamos a los primeros en unas de las \u00faltimas fechas que jugamos, sin perder partidos desde la pausa de las fiestas. El \u00faltimo partido que jugamos fue con p\u00fablico, a finales de febrero, uno o dos d\u00edas antes de que explote todo el tema coronavirus\u00bb, describi\u00f3 sobre su reciente experiencia basquetbol\u00edstica.<\/p>\n<p>En cuanto a la cuesti\u00f3n de salud que ha generado esta pandemia, mencion\u00f3 sobre el estado en su ciudad que \u00aben cuarentena estricta estamos desde el 9 de marzo, pero apenas empez\u00f3 todo ya nos limitaron y suspendieron los entrenamientos. Por suerte en la localidad donde estamos hay solo 2 o 3 casos, pero muy tranquilo. La regi\u00f3n marche est\u00e1 complicada m\u00e1s al norte (Pesaro\/ Urbino). Por suerte nos toca la cuarentena en una ciudad chica donde todos se conocen y es m\u00e1s f\u00e1cil de controlar. Las primeras semanas la gente respetaba menos las reglas de seguridad pero con el pasar de los d\u00edas y las noticias de las v\u00edctimas, todos tomaron conciencia\u00bb.<br \/>\nA modo de descripci\u00f3n y reflexi\u00f3n, ampli\u00f3 mencionando que \u00abac\u00e1 en Italia inicialmente subestimaron el problema, no frenaron las cosas a tiempo, dejaron jugar partidos como el de la Champions del Atalanta (frente al Valencia) en una semana que ya ven\u00eda complicada. Los intereses econ\u00f3micos al inicio pesaron m\u00e1s que la seguridad sanitaria.. y los n\u00fameros que vemos ahora son la prueba\u00bb.<\/p>\n<p>En cuanto a lo que va conociendo de la situaci\u00f3n de clubes y contratos de jugadores, puntualiz\u00f3 que \u00abcreo que ning\u00fan club, m\u00e1s all\u00e1 de la categor\u00eda que sea, estaba preparado para una pandemia&#8230; Es muy probable que ac\u00e1 se den por terminados los campeonatos desde la B para abajo, y a ese punto no se como arreglar\u00e1n el tema contratos, ascensos y descensos. No creo que existan precedentes, creo que va a depender mucho de como evoluciona todo.. pero nadie gana&#8230; Se perjudican clubes y jugadores\u00bb.<\/p>\n","protected":false},"excerpt":{"rendered":"<p>A m\u00e1s de una d\u00e9cada desde su llegada inicial a Italia, Nicol\u00e1s Pairone ha dejado de lado el basquet profesional.<\/p>\n","protected":false},"author":2,"featured_media":21003,"comment_status":"open","ping_status":"open","sticky":false,"template":"","format":"standard","meta":{"footnotes":""},"categories":[5,24],"tags":[],"class_list":["post-21002","post","type-post","status-publish","format-standard","has-post-thumbnail","hentry","category-basquet","category-noticias-destacadas"],"cc_featured_image_caption":{"caption_text":"Nicol\u00e1s Pairone hizo la mayor parte de su trayectoria basquetbol\u00edstica en el ascenso italiano, con \u00faltimo paso en Pedaso.","source_text":"","source_url":""},"_links":{"self":[{"href":"https:\/\/todoapulmon-rafaela.com\/index.php\/wp-json\/wp\/v2\/posts\/21002"}],"collection":[{"href":"https:\/\/todoapulmon-rafaela.com\/index.php\/wp-json\/wp\/v2\/posts"}],"about":[{"href":"https:\/\/todoapulmon-rafaela.com\/index.php\/wp-json\/wp\/v2\/types\/post"}],"author":[{"embeddable":true,"href":"https:\/\/todoapulmon-rafaela.com\/index.php\/wp-json\/wp\/v2\/users\/2"}],"replies":[{"embeddable":true,"href":"https:\/\/todoapulmon-rafaela.com\/index.php\/wp-json\/wp\/v2\/comments?post=21002"}],"version-history":[{"count":6,"href":"https:\/\/todoapulmon-rafaela.com\/index.php\/wp-json\/wp\/v2\/posts\/21002\/revisions"}],"predecessor-version":[{"id":21009,"href":"https:\/\/todoapulmon-rafaela.com\/index.php\/wp-json\/wp\/v2\/posts\/21002\/revisions\/21009"}],"wp:featuredmedia":[{"embeddable":true,"href":"https:\/\/todoapulmon-rafaela.com\/index.php\/wp-json\/wp\/v2\/media\/21003"}],"wp:attachment":[{"href":"https:\/\/todoapulmon-rafaela.com\/index.php\/wp-json\/wp\/v2\/media?parent=21002"}],"wp:term":[{"taxonomy":"category","embeddable":true,"href":"https:\/\/todoapulmon-rafaela.com\/index.php\/wp-json\/wp\/v2\/categories?post=21002"},{"taxonomy":"post_tag","embeddable":true,"href":"https:\/\/todoapulmon-rafaela.com\/index.php\/wp-json\/wp\/v2\/tags?post=21002"}],"curies":[{"name":"wp","href":"https:\/\/api.w.org\/{rel}","templated":true}]}}