{"id":20996,"date":"2020-03-25T17:04:00","date_gmt":"2020-03-25T17:04:00","guid":{"rendered":"https:\/\/todoapulmon-rafaela.com\/?p=20996"},"modified":"2020-03-25T17:04:00","modified_gmt":"2020-03-25T17:04:00","slug":"instalan-guardia-alternativa-a-la-del-hospital","status":"publish","type":"post","link":"https:\/\/todoapulmon-rafaela.com\/index.php\/2020\/03\/25\/instalan-guardia-alternativa-a-la-del-hospital\/","title":{"rendered":"Instalan guardia alternativa a la del Hospital"},"content":{"rendered":"<p class=\"x_MsoNormal\">En la ma\u00f1ana de este mi\u00e9rcoles, la Municipalidad de Rafaela instal\u00f3 una opci\u00f3n de guardia alternativa a\u00a0\u00a0la del Hospital \u201cDr. Jaime Ferr\u00e9\u201d, por calle Lisandro de la Torre para brindar servicios b\u00e1sicos de salud.<\/p>\n<p class=\"x_MsoNormal\">En el lugar se encuentran el \u00d3mnibus Sanitario, el Quir\u00f3fano M\u00f3vil y una casilla de Rafaela en Acci\u00f3n.<\/p>\n<p class=\"x_MsoNormal\">Se trata de un dispositivo de colaboraci\u00f3n con el Hospital, donde se atender\u00e1n pacientes que requieran consultorio pedi\u00e1trico, consultorio general y vacunatorio, con el fin de descentralizar las consultas de demanda espont\u00e1nea de la instituci\u00f3n.<\/p>\n<p class=\"x_MsoNormal\">De esta forma, la guardia podr\u00e1 estar abocada espec\u00edficamente a urgencias y emergencias graves, incluyendo pacientes sospechosos de COVID-19 en el caso que deban ser trasladados al Hospital.<\/p>\n","protected":false},"excerpt":{"rendered":"<p>En la ma\u00f1ana de este mi\u00e9rcoles, la Municipalidad de Rafaela instal\u00f3 una opci\u00f3n de guardia alternativa a\u00a0\u00a0la del Hospital \u201cDr.<\/p>\n","protected":false},"author":2,"featured_media":20997,"comment_status":"open","ping_status":"open","sticky":false,"template":"","format":"standard","meta":{"footnotes":""},"categories":[24],"tags":[],"class_list":["post-20996","post","type-post","status-publish","format-standard","has-post-thumbnail","hentry","category-noticias-destacadas"],"cc_featured_image_caption":{"caption_text":"FOTO PRENSA MUNICIPALIDAD","source_text":"","source_url":""},"_links":{"self":[{"href":"https:\/\/todoapulmon-rafaela.com\/index.php\/wp-json\/wp\/v2\/posts\/20996"}],"collection":[{"href":"https:\/\/todoapulmon-rafaela.com\/index.php\/wp-json\/wp\/v2\/posts"}],"about":[{"href":"https:\/\/todoapulmon-rafaela.com\/index.php\/wp-json\/wp\/v2\/types\/post"}],"author":[{"embeddable":true,"href":"https:\/\/todoapulmon-rafaela.com\/index.php\/wp-json\/wp\/v2\/users\/2"}],"replies":[{"embeddable":true,"href":"https:\/\/todoapulmon-rafaela.com\/index.php\/wp-json\/wp\/v2\/comments?post=20996"}],"version-history":[{"count":1,"href":"https:\/\/todoapulmon-rafaela.com\/index.php\/wp-json\/wp\/v2\/posts\/20996\/revisions"}],"predecessor-version":[{"id":20998,"href":"https:\/\/todoapulmon-rafaela.com\/index.php\/wp-json\/wp\/v2\/posts\/20996\/revisions\/20998"}],"wp:featuredmedia":[{"embeddable":true,"href":"https:\/\/todoapulmon-rafaela.com\/index.php\/wp-json\/wp\/v2\/media\/20997"}],"wp:attachment":[{"href":"https:\/\/todoapulmon-rafaela.com\/index.php\/wp-json\/wp\/v2\/media?parent=20996"}],"wp:term":[{"taxonomy":"category","embeddable":true,"href":"https:\/\/todoapulmon-rafaela.com\/index.php\/wp-json\/wp\/v2\/categories?post=20996"},{"taxonomy":"post_tag","embeddable":true,"href":"https:\/\/todoapulmon-rafaela.com\/index.php\/wp-json\/wp\/v2\/tags?post=20996"}],"curies":[{"name":"wp","href":"https:\/\/api.w.org\/{rel}","templated":true}]}}