{"id":20903,"date":"2020-03-11T21:46:48","date_gmt":"2020-03-11T21:46:48","guid":{"rendered":"http:\/\/todoapulmon-rafaela.com\/?p=20903"},"modified":"2020-03-11T22:26:35","modified_gmt":"2020-03-11T22:26:35","slug":"gran-performance-de-pablo-scozzina-en-villa-urquiza","status":"publish","type":"post","link":"https:\/\/todoapulmon-rafaela.com\/index.php\/2020\/03\/11\/gran-performance-de-pablo-scozzina-en-villa-urquiza\/","title":{"rendered":"Gran performance de Pablo Scozzina en Villa Urquiza"},"content":{"rendered":"<p>El s\u00e1bado 7 de marzo, en la localidad de Villa Urquiza, se desarroll\u00f3 la 11\u00b0 edici\u00f3n de la Marat\u00f3n Acu\u00e1tica Villa Urquiza &#8211; Paran\u00e1 que cont\u00f3 con la participaci\u00f3n de 42 nadadores, no solamente de nuestro pa\u00eds, ya que tambi\u00e9n asistieron representantes de Chile y Brasil.<\/p>\n<p>Esta es una prueba muy exigente, ya que el recorrido es de 21km y con cupos limitados, puesto que tiene el requisito de tener una embarcaci\u00f3n por nadador. En esta ocasi\u00f3n se encontraron los nadadores con una dificultad adicional que fue la del poco caudal del r\u00edo, factor determinante para que casi no exista la corriente a favor, que habitualmente se produce en ese tramo del R\u00edo Paran\u00e1.<\/p>\n<p><img loading=\"lazy\" decoding=\"async\" class=\"alignnone size-medium wp-image-20910\" src=\"http:\/\/todoapulmon-rafaela.com\/wp-content\/uploads\/2020\/03\/IMG-20200309-WA0034-169x300.jpg\" alt=\"IMG-20200309-WA0034\" width=\"169\" height=\"300\" srcset=\"https:\/\/todoapulmon-rafaela.com\/wp-content\/uploads\/2020\/03\/IMG-20200309-WA0034-169x300.jpg 169w, https:\/\/todoapulmon-rafaela.com\/wp-content\/uploads\/2020\/03\/IMG-20200309-WA0034.jpg 576w\" sizes=\"(max-width: 169px) 100vw, 169px\" \/><\/p>\n<p>En esta competencia participan nadadores de prestigio internacional y los ganadores fueron Dami\u00e1n Blaum<span style=\"font-family: Calibri, Helvetica, sans-serif\">\u00a0<\/span><span style=\"font-family: Calibri, Helvetica, sans-serif\">y Pilar Geijo,<\/span><span style=\"font-family: Calibri, Helvetica, sans-serif\">\u00a0<\/span>quienes compiten representando a la argentina a nivel mundial en aguas abiertas.<\/p>\n<p>Entre esos destacados competidores en un orgullo para el Natatorio Amancay, y entendemos que para toda Rafaela, fue la participaci\u00f3n de Pablo Scozzina quien estuvo acompa\u00f1ado en la lancha por el Prof. Juan Furlotti, logrando el primer puesto en su categor\u00eda, recorriendo los 21 km en un tiempo de 2:47 hs. Asimismo, ocup\u00f3 en la clasificaci\u00f3n general el 13er puesto.<\/p>\n<p><img loading=\"lazy\" decoding=\"async\" class=\"alignnone size-medium wp-image-20908\" src=\"http:\/\/todoapulmon-rafaela.com\/wp-content\/uploads\/2020\/03\/IMG-20200309-WA0028-225x300.jpg\" alt=\"IMG-20200309-WA0028\" width=\"225\" height=\"300\" srcset=\"https:\/\/todoapulmon-rafaela.com\/wp-content\/uploads\/2020\/03\/IMG-20200309-WA0028-225x300.jpg 225w, https:\/\/todoapulmon-rafaela.com\/wp-content\/uploads\/2020\/03\/IMG-20200309-WA0028.jpg 768w\" sizes=\"(max-width: 225px) 100vw, 225px\" \/><\/p>\n<p>\u201cFelicitamos a Pablo y que continu\u00e9n los \u00e9xitos deportivos\u201d, expres\u00f3 el parte de prensa de Natatorio Amancay.<\/p>\n","protected":false},"excerpt":{"rendered":"<p>El s\u00e1bado 7 de marzo, en la localidad de Villa Urquiza, se desarroll\u00f3 la 11\u00b0 edici\u00f3n de la Marat\u00f3n Acu\u00e1tica<\/p>\n","protected":false},"author":2,"featured_media":20907,"comment_status":"open","ping_status":"open","sticky":false,"template":"","format":"standard","meta":{"footnotes":""},"categories":[26,24],"tags":[],"class_list":["post-20903","post","type-post","status-publish","format-standard","has-post-thumbnail","hentry","category-natacion","category-noticias-destacadas"],"cc_featured_image_caption":{"caption_text":"Scozzina y Furlotti tras el gran trabajo con triunfo en Entre R\u00edos.","source_text":"","source_url":""},"_links":{"self":[{"href":"https:\/\/todoapulmon-rafaela.com\/index.php\/wp-json\/wp\/v2\/posts\/20903"}],"collection":[{"href":"https:\/\/todoapulmon-rafaela.com\/index.php\/wp-json\/wp\/v2\/posts"}],"about":[{"href":"https:\/\/todoapulmon-rafaela.com\/index.php\/wp-json\/wp\/v2\/types\/post"}],"author":[{"embeddable":true,"href":"https:\/\/todoapulmon-rafaela.com\/index.php\/wp-json\/wp\/v2\/users\/2"}],"replies":[{"embeddable":true,"href":"https:\/\/todoapulmon-rafaela.com\/index.php\/wp-json\/wp\/v2\/comments?post=20903"}],"version-history":[{"count":5,"href":"https:\/\/todoapulmon-rafaela.com\/index.php\/wp-json\/wp\/v2\/posts\/20903\/revisions"}],"predecessor-version":[{"id":20913,"href":"https:\/\/todoapulmon-rafaela.com\/index.php\/wp-json\/wp\/v2\/posts\/20903\/revisions\/20913"}],"wp:featuredmedia":[{"embeddable":true,"href":"https:\/\/todoapulmon-rafaela.com\/index.php\/wp-json\/wp\/v2\/media\/20907"}],"wp:attachment":[{"href":"https:\/\/todoapulmon-rafaela.com\/index.php\/wp-json\/wp\/v2\/media?parent=20903"}],"wp:term":[{"taxonomy":"category","embeddable":true,"href":"https:\/\/todoapulmon-rafaela.com\/index.php\/wp-json\/wp\/v2\/categories?post=20903"},{"taxonomy":"post_tag","embeddable":true,"href":"https:\/\/todoapulmon-rafaela.com\/index.php\/wp-json\/wp\/v2\/tags?post=20903"}],"curies":[{"name":"wp","href":"https:\/\/api.w.org\/{rel}","templated":true}]}}