{"id":20831,"date":"2020-03-05T22:49:41","date_gmt":"2020-03-05T22:49:41","guid":{"rendered":"http:\/\/todoapulmon-rafaela.com\/?p=20831"},"modified":"2020-03-05T23:01:52","modified_gmt":"2020-03-05T23:01:52","slug":"lanzadores-del-cras-en-campus-internacional","status":"publish","type":"post","link":"https:\/\/todoapulmon-rafaela.com\/index.php\/2020\/03\/05\/lanzadores-del-cras-en-campus-internacional\/","title":{"rendered":"Lanzadores del CRAS en Campus Internacional"},"content":{"rendered":"<p>Un grupo de lanzadores del CRAS de nuestra ciudad, entrenados por el profesor Leandro Bonamino, se encuentran participando del\u00a07mo. Campamento de Lanzamiento en Azul, provincia de Buenos Aires, hist\u00f3rico lugar de encuentro de los lanzadores, en un evento que organiza la CADA.<\/p>\n<p>Los atletas que viajaron son Virginia Abb\u00e1 (Lanz.de Martillo), y Mateo M\u00e9ndez (Lanz.de Martillo) ambos de la categor\u00eda U18.<br \/>\nValent\u00edn Menossi (Lanz.de Martillo) Categor\u00eda U20 y Martina Piedrabuena (Lanz.de Martillo &#8211; Bala &#8211; Disco) Categor\u00eda U16.<\/p>\n<p>Cabe destacar que Abb\u00e1 integra el pre-equipo nacional para el Sudamericano de su categor\u00eda.<\/p>\n<p><img loading=\"lazy\" decoding=\"async\" class=\"alignnone size-medium wp-image-20834\" src=\"http:\/\/todoapulmon-rafaela.com\/wp-content\/uploads\/2020\/03\/IMG-20200305-WA0008-300x169.jpg\" alt=\"IMG-20200305-WA0008\" width=\"300\" height=\"169\" srcset=\"https:\/\/todoapulmon-rafaela.com\/wp-content\/uploads\/2020\/03\/IMG-20200305-WA0008-300x169.jpg 300w, https:\/\/todoapulmon-rafaela.com\/wp-content\/uploads\/2020\/03\/IMG-20200305-WA0008.jpg 1280w\" sizes=\"(max-width: 300px) 100vw, 300px\" \/><\/p>\n<p>Julio Pi\u00f1ero es el gran \u00a0referente que permite reunir todos los a\u00f1os \u00a0a atletas y entrenadores. Julio fue un destacado atleta de los equipos nacional y que en 1992 se corono Sub-campe\u00f3n Mundial de Disco en a Categor\u00eda Junior en Lisboa.<\/p>\n<p>Este hay alrededor de 100 participantes, incluyendo representantes de Argentina, Chile y Uruguay. Entre los j\u00f3venes argentinos estar\u00e1n Ailen Armada, Julio Nobile y Nazareno Sasia.<\/p>\n","protected":false},"excerpt":{"rendered":"<p>Un grupo de lanzadores del CRAS de nuestra ciudad, entrenados por el profesor Leandro Bonamino, se encuentran participando del\u00a07mo. Campamento<\/p>\n","protected":false},"author":2,"featured_media":20833,"comment_status":"open","ping_status":"open","sticky":false,"template":"","format":"standard","meta":{"footnotes":""},"categories":[7,24],"tags":[],"class_list":["post-20831","post","type-post","status-publish","format-standard","has-post-thumbnail","hentry","category-atletismo","category-noticias-destacadas"],"cc_featured_image_caption":{"caption_text":"","source_text":"","source_url":""},"_links":{"self":[{"href":"https:\/\/todoapulmon-rafaela.com\/index.php\/wp-json\/wp\/v2\/posts\/20831"}],"collection":[{"href":"https:\/\/todoapulmon-rafaela.com\/index.php\/wp-json\/wp\/v2\/posts"}],"about":[{"href":"https:\/\/todoapulmon-rafaela.com\/index.php\/wp-json\/wp\/v2\/types\/post"}],"author":[{"embeddable":true,"href":"https:\/\/todoapulmon-rafaela.com\/index.php\/wp-json\/wp\/v2\/users\/2"}],"replies":[{"embeddable":true,"href":"https:\/\/todoapulmon-rafaela.com\/index.php\/wp-json\/wp\/v2\/comments?post=20831"}],"version-history":[{"count":3,"href":"https:\/\/todoapulmon-rafaela.com\/index.php\/wp-json\/wp\/v2\/posts\/20831\/revisions"}],"predecessor-version":[{"id":20836,"href":"https:\/\/todoapulmon-rafaela.com\/index.php\/wp-json\/wp\/v2\/posts\/20831\/revisions\/20836"}],"wp:featuredmedia":[{"embeddable":true,"href":"https:\/\/todoapulmon-rafaela.com\/index.php\/wp-json\/wp\/v2\/media\/20833"}],"wp:attachment":[{"href":"https:\/\/todoapulmon-rafaela.com\/index.php\/wp-json\/wp\/v2\/media?parent=20831"}],"wp:term":[{"taxonomy":"category","embeddable":true,"href":"https:\/\/todoapulmon-rafaela.com\/index.php\/wp-json\/wp\/v2\/categories?post=20831"},{"taxonomy":"post_tag","embeddable":true,"href":"https:\/\/todoapulmon-rafaela.com\/index.php\/wp-json\/wp\/v2\/tags?post=20831"}],"curies":[{"name":"wp","href":"https:\/\/api.w.org\/{rel}","templated":true}]}}