{"id":20763,"date":"2020-03-02T03:00:40","date_gmt":"2020-03-02T03:00:40","guid":{"rendered":"http:\/\/todoapulmon-rafaela.com\/?p=20763"},"modified":"2020-03-02T03:01:41","modified_gmt":"2020-03-02T03:01:41","slug":"podios-y-alegria-completa-en-bariloche","status":"publish","type":"post","link":"https:\/\/todoapulmon-rafaela.com\/index.php\/2020\/03\/02\/podios-y-alegria-completa-en-bariloche\/","title":{"rendered":"Podios y alegr\u00eda completa en Bariloche"},"content":{"rendered":"<p>Este domingo se desarroll\u00f3 el Ironman 70.3 de Bariloche, una de las citas m\u00e1s esperadas por los deportistas de esta disciplina en nuestro pa\u00eds y que en esta oportunidad dio nuevamente la posibilidad de clasificaci\u00f3n a quienes a\u00fan no hab\u00edan logrado el pasaje para el Mundial de Nueva Zelanda. En tal sentido, consigui\u00f3 el ansiado objetivo <strong>Susana Hauswirth, quien emple\u00f3 un tiempo de 5h 55m 13s para clasificarse en el tercer puesto de la categor\u00eda femenina de 50 a 54 a\u00f1os y asegurar su lugar en m\u00e1ximo certamen previsto en Ocean\u00eda.<\/strong><\/p>\n<figure id=\"attachment_20767\" aria-describedby=\"caption-attachment-20767\" style=\"width: 225px\" class=\"wp-caption alignnone\"><img loading=\"lazy\" decoding=\"async\" class=\"size-medium wp-image-20767\" src=\"http:\/\/todoapulmon-rafaela.com\/wp-content\/uploads\/2020\/03\/Susana-en-Bariloche-225x300.jpg\" alt=\"Susana en el pedestrismo.\" width=\"225\" height=\"300\" srcset=\"https:\/\/todoapulmon-rafaela.com\/wp-content\/uploads\/2020\/03\/Susana-en-Bariloche-225x300.jpg 225w, https:\/\/todoapulmon-rafaela.com\/wp-content\/uploads\/2020\/03\/Susana-en-Bariloche.jpg 960w\" sizes=\"(max-width: 225px) 100vw, 225px\" \/><figcaption id=\"caption-attachment-20767\" class=\"wp-caption-text\">Susana en el pedestrismo.<\/figcaption><\/figure>\n<p>Adem\u00e1s, ocup\u00f3 el puesto 51\u00ba en la general femenina donde hubo 106 protagonistas.<\/p>\n<p>En tanto, <strong>Sergio Peretti (que ya estaba clasificado al Mundial) qued\u00f3 tambi\u00e9n tercero en la categor\u00eda de 55 a 59 a\u00f1os masculina con un tiempo de 5h 08m 05s<\/strong>, en una jornada de clima hermoso en la tur\u00edstica ciudad rionegrina. El rafaelino se ubic\u00f3 138 en la general masculina, donde hubo 560 inscriptos.<\/p>\n<figure id=\"attachment_20769\" aria-describedby=\"caption-attachment-20769\" style=\"width: 213px\" class=\"wp-caption alignnone\"><img loading=\"lazy\" decoding=\"async\" class=\"size-medium wp-image-20769\" src=\"http:\/\/todoapulmon-rafaela.com\/wp-content\/uploads\/2020\/03\/Sergio-Peretti-en-Bariloche-1-213x300.jpg\" alt=\"Sergio durante el pedestrismo.\" width=\"213\" height=\"300\" srcset=\"https:\/\/todoapulmon-rafaela.com\/wp-content\/uploads\/2020\/03\/Sergio-Peretti-en-Bariloche-1-213x300.jpg 213w, https:\/\/todoapulmon-rafaela.com\/wp-content\/uploads\/2020\/03\/Sergio-Peretti-en-Bariloche-1.jpg 507w\" sizes=\"(max-width: 213px) 100vw, 213px\" \/><figcaption id=\"caption-attachment-20769\" class=\"wp-caption-text\">Sergio durante el pedestrismo.<\/figcaption><\/figure>\n<p>LOS PRO<\/p>\n<p>Luego de dominar a lo largo de todo el recorrido, el brasile\u00f1o Rafael Sousa gan\u00f3 el triatl\u00f3n Ironman 70.3 que se disput\u00f3 hoy en Bariloche, con punto de llegada en el Centro C\u00edvico. Entre las mujeres la primera en cruzar la meta fue Florencia V\u00e1squez S\u00e1nchez, de Chile, quien destac\u00f3 la dureza de la carrera y el apoyo del p\u00fablico.<\/p>\n<p><strong>La largada fue a las 10, con los 1.900 metros de nataci\u00f3n<\/strong>, en la zona de Llao Llao, con una temperatura de 17 grados. Pero luego el sol result\u00f3 implacable, en el ciclismo y especialmente en el tramo de running, y a la hora de la llegada el term\u00f3metro marcaba 30,5\u00b0C. La hidrataci\u00f3n fue fundamental, reconocieron los corredores.<br \/>\n<strong>El tiempo de Sousa fue de 4h17m29s y le sac\u00f3 m\u00e1s de cinco minutos al segundo, el argentino Emanuel Y\u00f3dice<\/strong>. Tercero fue Felipe Carvalho Da Silva, tambi\u00e9n de Brasil.<\/p>\n<p>En la categor\u00eda femenina\u00a0<strong>V\u00e1squez se impuso con un tiempo extraoficial de 4h55m<\/strong>\u00a0y detr\u00e1s suyo clasific\u00f3 la ecuatoriana Ana Mar\u00eda Torres Rodas. Complet\u00f3 el podio la chilena Cecilia Vald\u00e9s.<\/p>\n","protected":false},"excerpt":{"rendered":"<p>Este domingo se desarroll\u00f3 el Ironman 70.3 de Bariloche, una de las citas m\u00e1s esperadas por los deportistas de esta<\/p>\n","protected":false},"author":2,"featured_media":20766,"comment_status":"open","ping_status":"open","sticky":false,"template":"","format":"standard","meta":{"footnotes":""},"categories":[24,28],"tags":[],"class_list":["post-20763","post","type-post","status-publish","format-standard","has-post-thumbnail","hentry","category-noticias-destacadas","category-triatlon"],"cc_featured_image_caption":{"caption_text":"Previo a la largada en Bariloche.","source_text":"","source_url":""},"_links":{"self":[{"href":"https:\/\/todoapulmon-rafaela.com\/index.php\/wp-json\/wp\/v2\/posts\/20763"}],"collection":[{"href":"https:\/\/todoapulmon-rafaela.com\/index.php\/wp-json\/wp\/v2\/posts"}],"about":[{"href":"https:\/\/todoapulmon-rafaela.com\/index.php\/wp-json\/wp\/v2\/types\/post"}],"author":[{"embeddable":true,"href":"https:\/\/todoapulmon-rafaela.com\/index.php\/wp-json\/wp\/v2\/users\/2"}],"replies":[{"embeddable":true,"href":"https:\/\/todoapulmon-rafaela.com\/index.php\/wp-json\/wp\/v2\/comments?post=20763"}],"version-history":[{"count":4,"href":"https:\/\/todoapulmon-rafaela.com\/index.php\/wp-json\/wp\/v2\/posts\/20763\/revisions"}],"predecessor-version":[{"id":20771,"href":"https:\/\/todoapulmon-rafaela.com\/index.php\/wp-json\/wp\/v2\/posts\/20763\/revisions\/20771"}],"wp:featuredmedia":[{"embeddable":true,"href":"https:\/\/todoapulmon-rafaela.com\/index.php\/wp-json\/wp\/v2\/media\/20766"}],"wp:attachment":[{"href":"https:\/\/todoapulmon-rafaela.com\/index.php\/wp-json\/wp\/v2\/media?parent=20763"}],"wp:term":[{"taxonomy":"category","embeddable":true,"href":"https:\/\/todoapulmon-rafaela.com\/index.php\/wp-json\/wp\/v2\/categories?post=20763"},{"taxonomy":"post_tag","embeddable":true,"href":"https:\/\/todoapulmon-rafaela.com\/index.php\/wp-json\/wp\/v2\/tags?post=20763"}],"curies":[{"name":"wp","href":"https:\/\/api.w.org\/{rel}","templated":true}]}}