{"id":20758,"date":"2020-03-01T15:47:53","date_gmt":"2020-03-01T15:47:53","guid":{"rendered":"http:\/\/todoapulmon-rafaela.com\/?p=20758"},"modified":"2020-03-01T15:47:53","modified_gmt":"2020-03-01T15:47:53","slug":"federico-zeiter-fue-doble-campeon-en-el-regional-de-concordia","status":"publish","type":"post","link":"https:\/\/todoapulmon-rafaela.com\/index.php\/2020\/03\/01\/federico-zeiter-fue-doble-campeon-en-el-regional-de-concordia\/","title":{"rendered":"Federico Zeiter fue doble campe\u00f3n en el Regional de Concordia"},"content":{"rendered":"<p>Buen fin de semana para Federico Zeiter para arrancar de la mejor manera el calendario 2020. El tenista rafaelino se consagr\u00f3 campe\u00f3n del torneo Regional (ex Grado 2) que se llev\u00f3 a cabo en el Club Salto Grande de Concordia en la categor\u00eda Sub 18 y de esa manera logr\u00f3 la clasificaci\u00f3n para el primer Nacional del a\u00f1o. Adem\u00e1s, tambi\u00e9n obtuvo el t\u00edtulo en dobles junto a Mateo Bonelli, de El Tr\u00e9bol.<\/p>\n<p>En la fase clasificatoria individual hubo cuatro zonas de tres jugadores. Zeiter derrot\u00f3 a\u00a0Juan Ignacio Giorgio 6-1 y 6-3, y a Thiago Galoppo por un doble 6-0.<\/p>\n<p>Su camino sigui\u00f3 en semifinales donde se impuso a\u00a0Ignacio Quiroga 7-5 y 6-4, avanzando a la final donde derrot\u00f3 al propio Bonelli por 6-1 y 6-4.<\/p>\n<p>En dobles, Zeiter &#8211; Bonelli vencieron en la final por 4-6, 6-4 y 10-3 en supertiebreak a la pareja Ignacio Quiroga &#8211; Jorge Robinson.<\/p>\n<figure id=\"attachment_20760\" aria-describedby=\"caption-attachment-20760\" style=\"width: 169px\" class=\"wp-caption alignnone\"><img loading=\"lazy\" decoding=\"async\" class=\"size-medium wp-image-20760\" src=\"http:\/\/todoapulmon-rafaela.com\/wp-content\/uploads\/2020\/03\/Zeiter-y-Bonelli-169x300.jpg\" alt=\"Zeiter y Bonelli.\" width=\"169\" height=\"300\" srcset=\"https:\/\/todoapulmon-rafaela.com\/wp-content\/uploads\/2020\/03\/Zeiter-y-Bonelli-169x300.jpg 169w, https:\/\/todoapulmon-rafaela.com\/wp-content\/uploads\/2020\/03\/Zeiter-y-Bonelli.jpg 648w\" sizes=\"(max-width: 169px) 100vw, 169px\" \/><figcaption id=\"caption-attachment-20760\" class=\"wp-caption-text\">Zeiter y Bonelli.<\/figcaption><\/figure>\n<p>Cabe destacar que el Fede entrena actualmente (lo hace desde enero) en el Lawn Tenis Esperancino, donde tiene como coach a Fabi\u00e1n Plant\u00f3n, mientras que en nuestra ciudad se entrena en lo f\u00edsico con Hugo \u00abPino\u00bb Riboldi.<\/p>\n","protected":false},"excerpt":{"rendered":"<p>Buen fin de semana para Federico Zeiter para arrancar de la mejor manera el calendario 2020. El tenista rafaelino se<\/p>\n","protected":false},"author":2,"featured_media":20759,"comment_status":"open","ping_status":"open","sticky":false,"template":"","format":"standard","meta":{"footnotes":""},"categories":[24,6],"tags":[],"class_list":["post-20758","post","type-post","status-publish","format-standard","has-post-thumbnail","hentry","category-noticias-destacadas","category-tenis"],"cc_featured_image_caption":{"caption_text":"El rafaelino con los trofeos logrados en el Regional.","source_text":"","source_url":""},"_links":{"self":[{"href":"https:\/\/todoapulmon-rafaela.com\/index.php\/wp-json\/wp\/v2\/posts\/20758"}],"collection":[{"href":"https:\/\/todoapulmon-rafaela.com\/index.php\/wp-json\/wp\/v2\/posts"}],"about":[{"href":"https:\/\/todoapulmon-rafaela.com\/index.php\/wp-json\/wp\/v2\/types\/post"}],"author":[{"embeddable":true,"href":"https:\/\/todoapulmon-rafaela.com\/index.php\/wp-json\/wp\/v2\/users\/2"}],"replies":[{"embeddable":true,"href":"https:\/\/todoapulmon-rafaela.com\/index.php\/wp-json\/wp\/v2\/comments?post=20758"}],"version-history":[{"count":1,"href":"https:\/\/todoapulmon-rafaela.com\/index.php\/wp-json\/wp\/v2\/posts\/20758\/revisions"}],"predecessor-version":[{"id":20761,"href":"https:\/\/todoapulmon-rafaela.com\/index.php\/wp-json\/wp\/v2\/posts\/20758\/revisions\/20761"}],"wp:featuredmedia":[{"embeddable":true,"href":"https:\/\/todoapulmon-rafaela.com\/index.php\/wp-json\/wp\/v2\/media\/20759"}],"wp:attachment":[{"href":"https:\/\/todoapulmon-rafaela.com\/index.php\/wp-json\/wp\/v2\/media?parent=20758"}],"wp:term":[{"taxonomy":"category","embeddable":true,"href":"https:\/\/todoapulmon-rafaela.com\/index.php\/wp-json\/wp\/v2\/categories?post=20758"},{"taxonomy":"post_tag","embeddable":true,"href":"https:\/\/todoapulmon-rafaela.com\/index.php\/wp-json\/wp\/v2\/tags?post=20758"}],"curies":[{"name":"wp","href":"https:\/\/api.w.org\/{rel}","templated":true}]}}