{"id":20752,"date":"2020-03-01T14:05:27","date_gmt":"2020-03-01T14:05:27","guid":{"rendered":"http:\/\/todoapulmon-rafaela.com\/?p=20752"},"modified":"2020-03-01T14:05:27","modified_gmt":"2020-03-01T14:05:27","slug":"caravario-quedo-19o-en-la-general-de-los-10k-sonder","status":"publish","type":"post","link":"https:\/\/todoapulmon-rafaela.com\/index.php\/2020\/03\/01\/caravario-quedo-19o-en-la-general-de-los-10k-sonder\/","title":{"rendered":"Caravario qued\u00f3 19\u00ba en la general de los 10k Sonder"},"content":{"rendered":"<p>Una destacada performance cumplieron los representantes Runnea, el grupo de running a cargo de Ariel Magallanes en CRAS, en los 10k Sonder que se llevaron a cabo este s\u00e1bado en Rosario con 7.000 participantes. Se trata de la prueba nocturna m\u00e1s grande del pa\u00eds.<\/p>\n<p>Fue realmente muy bueno lo realizado por Franco Caravario, que arrib\u00f3 en el decimonoveno puesto de la clasificaci\u00f3n general con un tiempo de 33m42s, integrando la categor\u00eda m\u00e1s competitiva de la prueba. A pocas semanas de su regreso de Cachi (Salta), donde parte del grupo realiz\u00f3 un campamento de altura, las sensaciones fueron muy buenas.<\/p>\n<p>Adem\u00e1s, de quien fue hace algunos a\u00f1os subcampe\u00f3n argentino de mayores en salto en alto, hubo otras meritorias performances dentro del grupo. En varones, con Romano Maza, Ignacio Chianalino y Emiliano Bogunovich, entre los mejores ubicados.<\/p>\n<figure id=\"attachment_20754\" aria-describedby=\"caption-attachment-20754\" style=\"width: 300px\" class=\"wp-caption alignnone\"><img loading=\"lazy\" decoding=\"async\" class=\"size-medium wp-image-20754\" src=\"http:\/\/todoapulmon-rafaela.com\/wp-content\/uploads\/2020\/03\/Antonich-Caravario-300x146.jpg\" alt=\"Daniela Antonich y Franco Caravario.\" width=\"300\" height=\"146\" srcset=\"https:\/\/todoapulmon-rafaela.com\/wp-content\/uploads\/2020\/03\/Antonich-Caravario-300x146.jpg 300w, https:\/\/todoapulmon-rafaela.com\/wp-content\/uploads\/2020\/03\/Antonich-Caravario.jpg 1280w\" sizes=\"(max-width: 300px) 100vw, 300px\" \/><figcaption id=\"caption-attachment-20754\" class=\"wp-caption-text\">Daniela Antonich y Franco Caravario.<\/figcaption><\/figure>\n<p>En damas, fue muy meritoria la labor de Daniela Antonich, oriunda de Santa Margarita y que peri\u00f3dicamente viene a entrenar con Magallanes en CRAS, que tuvo 41m05s y qued\u00f3 segunda en su categor\u00eda. Valeria Allasino, quinta en su divisi\u00f3n, y Mariana Borlle, segunda en la suya, tambi\u00e9n se destacaron.<\/p>\n<p>Los ganadores de la prueba principal fueron Brian Burgos (R\u00edo Cuarto) en caballeros, qui\u00e9n cruz\u00f3 la meta con un tiempo de 30\u0f3c\u00bb, y en damas la m\u00faltiple ganadora Patricia Ponce (Esperanza), que super\u00f3 los 10K en 35&#8243; y se subi\u00f3 al podio por cuarto a\u00f1o consecutivo. Tambi\u00e9n hubo una prueba integrativa de 4k.<\/p>\n<figure id=\"attachment_20755\" aria-describedby=\"caption-attachment-20755\" style=\"width: 146px\" class=\"wp-caption alignnone\"><img loading=\"lazy\" decoding=\"async\" class=\"size-medium wp-image-20755\" src=\"http:\/\/todoapulmon-rafaela.com\/wp-content\/uploads\/2020\/03\/Antonich-Magallanes-146x300.jpg\" alt=\"Daniela Antonich y Ariel Magallanes.\" width=\"146\" height=\"300\" srcset=\"https:\/\/todoapulmon-rafaela.com\/wp-content\/uploads\/2020\/03\/Antonich-Magallanes-146x300.jpg 146w, https:\/\/todoapulmon-rafaela.com\/wp-content\/uploads\/2020\/03\/Antonich-Magallanes.jpg 622w\" sizes=\"(max-width: 146px) 100vw, 146px\" \/><figcaption id=\"caption-attachment-20755\" class=\"wp-caption-text\">Daniela Antonich y Ariel Magallanes.<\/figcaption><\/figure>\n<p>Estas fueron las performances del grupo:<\/p>\n<p>VARONES<br \/>\nCARAVARIO FRANCO 33\u00b442\u00b4\u00b4 9\u00ba categor\u00eda (19\u00ba general).<br \/>\nROMANO MAZA 36\u00b418\u00b4\u00b4 11\u00ba categor\u00eda (52\u00ba general).<br \/>\nCHIANALINO IGNACIO 36\u00b444\u00b4\u00b4 4\u00ba categor\u00eda (60\u00ba general).<br \/>\nBOGUNOVICH EMILIANO 40\u00b458\u00b4\u00b4 5\u00ba categor\u00eda<br \/>\nKURIGER FERNANDO 41\u00b414\u00b4\u00b4<br \/>\nBOIDI NICOLAS 44\u00b4<br \/>\nENZO AGUIRRE 44\u00b459\u00b4\u00b4<br \/>\nSANCHIS ANIBAL 44\u00b459\u00b4\u00b4<br \/>\nPANIZA ANDRES 46\u00b405\u00b4\u00b4<br \/>\nBARRERA ESTEBAN 46\u00b425\u00b4\u00b4<br \/>\nBILLOUD SANTIAGO 46\u00b454\u00b4\u00b4<br \/>\nCORREA FERNANDO 53\u00b450\u00b4\u00b4<br \/>\nMUJERES<br \/>\nANTONICH DANIELA 41\u00b405\u00b4\u00b4 2\u00ba categor\u00eda<br \/>\nALLASINO VALERIA 42\u00b448\u00b4\u00b4 5\u00ba categor\u00eda<br \/>\nBORLLE MARIANA 44\u00b438\u00b4\u00b4 2\u00ba categor\u00eda<br \/>\nCHAVEZ FLORENCIA 44\u00b457\u00b4\u00b4 7\u00ba categor\u00eda<br \/>\nGIRO FLORENCIA 45\u00b456\u00b4\u00b4<br \/>\nGONZALEZ FIAMMA 1H 03MIN 21SEG<\/p>\n<figure id=\"attachment_20756\" aria-describedby=\"caption-attachment-20756\" style=\"width: 225px\" class=\"wp-caption alignnone\"><img loading=\"lazy\" decoding=\"async\" class=\"size-medium wp-image-20756\" src=\"http:\/\/todoapulmon-rafaela.com\/wp-content\/uploads\/2020\/03\/Runnea-Monumento-225x300.jpg\" alt=\"El grupo en el Monumento a la Bandera.\" width=\"225\" height=\"300\" srcset=\"https:\/\/todoapulmon-rafaela.com\/wp-content\/uploads\/2020\/03\/Runnea-Monumento-225x300.jpg 225w, https:\/\/todoapulmon-rafaela.com\/wp-content\/uploads\/2020\/03\/Runnea-Monumento.jpg 960w\" sizes=\"(max-width: 225px) 100vw, 225px\" \/><figcaption id=\"caption-attachment-20756\" class=\"wp-caption-text\">El grupo en el Monumento a la Bandera.<\/figcaption><\/figure>\n","protected":false},"excerpt":{"rendered":"<p>Una destacada performance cumplieron los representantes Runnea, el grupo de running a cargo de Ariel Magallanes en CRAS, en los<\/p>\n","protected":false},"author":2,"featured_media":20753,"comment_status":"open","ping_status":"open","sticky":false,"template":"","format":"standard","meta":{"footnotes":""},"categories":[7,24],"tags":[],"class_list":["post-20752","post","type-post","status-publish","format-standard","has-post-thumbnail","hentry","category-atletismo","category-noticias-destacadas"],"cc_featured_image_caption":{"caption_text":"El grupo de Runnea en Rosario.","source_text":"","source_url":""},"_links":{"self":[{"href":"https:\/\/todoapulmon-rafaela.com\/index.php\/wp-json\/wp\/v2\/posts\/20752"}],"collection":[{"href":"https:\/\/todoapulmon-rafaela.com\/index.php\/wp-json\/wp\/v2\/posts"}],"about":[{"href":"https:\/\/todoapulmon-rafaela.com\/index.php\/wp-json\/wp\/v2\/types\/post"}],"author":[{"embeddable":true,"href":"https:\/\/todoapulmon-rafaela.com\/index.php\/wp-json\/wp\/v2\/users\/2"}],"replies":[{"embeddable":true,"href":"https:\/\/todoapulmon-rafaela.com\/index.php\/wp-json\/wp\/v2\/comments?post=20752"}],"version-history":[{"count":1,"href":"https:\/\/todoapulmon-rafaela.com\/index.php\/wp-json\/wp\/v2\/posts\/20752\/revisions"}],"predecessor-version":[{"id":20757,"href":"https:\/\/todoapulmon-rafaela.com\/index.php\/wp-json\/wp\/v2\/posts\/20752\/revisions\/20757"}],"wp:featuredmedia":[{"embeddable":true,"href":"https:\/\/todoapulmon-rafaela.com\/index.php\/wp-json\/wp\/v2\/media\/20753"}],"wp:attachment":[{"href":"https:\/\/todoapulmon-rafaela.com\/index.php\/wp-json\/wp\/v2\/media?parent=20752"}],"wp:term":[{"taxonomy":"category","embeddable":true,"href":"https:\/\/todoapulmon-rafaela.com\/index.php\/wp-json\/wp\/v2\/categories?post=20752"},{"taxonomy":"post_tag","embeddable":true,"href":"https:\/\/todoapulmon-rafaela.com\/index.php\/wp-json\/wp\/v2\/tags?post=20752"}],"curies":[{"name":"wp","href":"https:\/\/api.w.org\/{rel}","templated":true}]}}