{"id":20726,"date":"2020-02-29T04:28:55","date_gmt":"2020-02-29T04:28:55","guid":{"rendered":"http:\/\/todoapulmon-rafaela.com\/?p=20726"},"modified":"2020-02-29T11:36:56","modified_gmt":"2020-02-29T11:36:56","slug":"quilmes-y-sus-grandes-expectativas-para-este-ano","status":"publish","type":"post","link":"https:\/\/todoapulmon-rafaela.com\/index.php\/2020\/02\/29\/quilmes-y-sus-grandes-expectativas-para-este-ano\/","title":{"rendered":"Quilmes y sus grandes expectativas para este a\u00f1o"},"content":{"rendered":"<p style=\"font-weight: 400\">Este viernes, el Club Argentino Quilmes realiz\u00f3 en una Cena con socios y simpatizantes la presentaci\u00f3n conjunta de los planteles de f\u00fatbol y b\u00e1squet para la actual temporada. Previo a la misma, Los dirigentes Marcelo Levino (presidente), Fiorela Perin y Enrique Bergesio, brindaron una conferencia de prensa a modo de brindar un panorama de la actualidad de la instituci\u00f3n.<\/p>\n<p style=\"font-weight: 400\">Durante el contacto con el periodismo, Levrino destac\u00f3 que \u00abdespu\u00e9s de cuatro a\u00f1os de gesti\u00f3n esta Comisi\u00f3n Directiva tiene todos los papeles en regla, lo cual para nosotros es un motivo de orgullo. No escapamos a las dificultades econ\u00f3micas de todos los clubes, pero con mucho trabajo estamos saliendo adelante\u00bb<\/p>\n<p style=\"font-weight: 400\">Bergesio, por su parte valor\u00f3 que \u00abestamos recuperando la credibilidad que para nosotros es un espaldarazo muy fuerte, por ejemplo con la el apoyo de la cervecer\u00eda Quilmes, por mencionar a una de ellas. El a\u00f1o pasado fue muy dificil. Estamos ajustandonos a la realidad, intentamos seguir sumando socios, tratando de darles beneficios\u00bb.<\/p>\n<p style=\"font-weight: 400\">En tal sentido, Fiorela Per\u00edn destac\u00f3 que \u00abqueremos que regrese el socio, el simpatizante, la familia para apoyar a la instituci\u00f3n\u00bb.<\/p>\n<p style=\"font-weight: 400\"><img loading=\"lazy\" decoding=\"async\" class=\"alignnone size-medium wp-image-20729\" src=\"http:\/\/todoapulmon-rafaela.com\/wp-content\/uploads\/2020\/02\/Quilmes-presentacion2020-300x225.jpg\" alt=\"Quilmes presentacion2020\" width=\"300\" height=\"225\" srcset=\"https:\/\/todoapulmon-rafaela.com\/wp-content\/uploads\/2020\/02\/Quilmes-presentacion2020-300x225.jpg 300w, https:\/\/todoapulmon-rafaela.com\/wp-content\/uploads\/2020\/02\/Quilmes-presentacion2020.jpg 1280w\" sizes=\"(max-width: 300px) 100vw, 300px\" \/><\/p>\n<p style=\"font-weight: 400\">Levrino mencion\u00f3 luego que \u00abhemos conformado un plantel muy competitivo, para ser protagonistas, queremos darle una alegria a los socios y simpatizantes que se la merecen. Estamos muy ilusionados, con pelear el campeonato y si se dan las condiciones y resultados, jugar el a\u00f1o pr\u00f3ximo el Regional Amateur\u00bb.<\/p>\n<p style=\"font-weight: 400\">En cuanto al b\u00e1squet, Bergesio consider\u00f3 que \u00abpara nosotros este a\u00f1o es muy importante por los 10 a\u00f1os del regreso. Por eso intentamos conformar un equipo m\u00e1s competitivo, con Mario Bircher que contin\u00faa dirigiendo en primera y U19, y coordinando el equipo de trabajo. Se sumaron dos jugadores, Emiliano Ju\u00e1rez, un ala-pivot de 2m04, que ha estado en Villa Mar\u00eda. Y Nahuel Carri\u00f3n, un\u00a0 chico de Tostado que vino a estudiar a Rafaela, con el objetivo de ir armando un equipo para jugar la Liga Provincial 2020\/21\u00bb.<\/p>\n<p style=\"font-weight: 400\">Por otra parte, los dirigentes destacaron el cercado y las obras que se est\u00e1n realizando en el predio \u00abNorberto Frenquelli\u00bb de Barrio Mora, donde se quiere tener el epicentro de las actividades a futuro. En barrio Sarmiento, la intenci\u00f3n es sumar algunas disciplinas de acuerdo a la infraestructura disponible, entre ellas el voley.<\/p>\n<p style=\"font-weight: 400\">Por otra parte, luego se realiz\u00f3 un emotivo homenaje a Marcelo \u00abColo\u00bb Sarponti, reconocido simpatizante y colaborador quilme\u00f1o, fallecido el a\u00f1o pasado.<\/p>\n<p style=\"font-weight: 400\"><img loading=\"lazy\" decoding=\"async\" class=\"alignnone size-medium wp-image-20731\" src=\"http:\/\/todoapulmon-rafaela.com\/wp-content\/uploads\/2020\/02\/Zapata-dario-300x225.jpg\" alt=\"Zapata-dario\" width=\"300\" height=\"225\" srcset=\"https:\/\/todoapulmon-rafaela.com\/wp-content\/uploads\/2020\/02\/Zapata-dario-300x225.jpg 300w, https:\/\/todoapulmon-rafaela.com\/wp-content\/uploads\/2020\/02\/Zapata-dario.jpg 1280w\" sizes=\"(max-width: 300px) 100vw, 300px\" \/><img loading=\"lazy\" decoding=\"async\" class=\"alignnone size-medium wp-image-20732\" src=\"http:\/\/todoapulmon-rafaela.com\/wp-content\/uploads\/2020\/02\/Homenaje-Sarponti-300x225.jpg\" alt=\"Homenaje Sarponti\" width=\"300\" height=\"225\" srcset=\"https:\/\/todoapulmon-rafaela.com\/wp-content\/uploads\/2020\/02\/Homenaje-Sarponti-300x225.jpg 300w, https:\/\/todoapulmon-rafaela.com\/wp-content\/uploads\/2020\/02\/Homenaje-Sarponti.jpg 1280w\" sizes=\"(max-width: 300px) 100vw, 300px\" \/><\/p>\n","protected":false},"excerpt":{"rendered":"<p>Este viernes, el Club Argentino Quilmes realiz\u00f3 en una Cena con socios y simpatizantes la presentaci\u00f3n conjunta de los planteles<\/p>\n","protected":false},"author":2,"featured_media":20727,"comment_status":"open","ping_status":"open","sticky":false,"template":"","format":"standard","meta":{"footnotes":""},"categories":[24],"tags":[],"class_list":["post-20726","post","type-post","status-publish","format-standard","has-post-thumbnail","hentry","category-noticias-destacadas"],"cc_featured_image_caption":{"caption_text":"","source_text":"","source_url":""},"_links":{"self":[{"href":"https:\/\/todoapulmon-rafaela.com\/index.php\/wp-json\/wp\/v2\/posts\/20726"}],"collection":[{"href":"https:\/\/todoapulmon-rafaela.com\/index.php\/wp-json\/wp\/v2\/posts"}],"about":[{"href":"https:\/\/todoapulmon-rafaela.com\/index.php\/wp-json\/wp\/v2\/types\/post"}],"author":[{"embeddable":true,"href":"https:\/\/todoapulmon-rafaela.com\/index.php\/wp-json\/wp\/v2\/users\/2"}],"replies":[{"embeddable":true,"href":"https:\/\/todoapulmon-rafaela.com\/index.php\/wp-json\/wp\/v2\/comments?post=20726"}],"version-history":[{"count":3,"href":"https:\/\/todoapulmon-rafaela.com\/index.php\/wp-json\/wp\/v2\/posts\/20726\/revisions"}],"predecessor-version":[{"id":20733,"href":"https:\/\/todoapulmon-rafaela.com\/index.php\/wp-json\/wp\/v2\/posts\/20726\/revisions\/20733"}],"wp:featuredmedia":[{"embeddable":true,"href":"https:\/\/todoapulmon-rafaela.com\/index.php\/wp-json\/wp\/v2\/media\/20727"}],"wp:attachment":[{"href":"https:\/\/todoapulmon-rafaela.com\/index.php\/wp-json\/wp\/v2\/media?parent=20726"}],"wp:term":[{"taxonomy":"category","embeddable":true,"href":"https:\/\/todoapulmon-rafaela.com\/index.php\/wp-json\/wp\/v2\/categories?post=20726"},{"taxonomy":"post_tag","embeddable":true,"href":"https:\/\/todoapulmon-rafaela.com\/index.php\/wp-json\/wp\/v2\/tags?post=20726"}],"curies":[{"name":"wp","href":"https:\/\/api.w.org\/{rel}","templated":true}]}}