{"id":20654,"date":"2020-02-21T19:32:45","date_gmt":"2020-02-21T19:32:45","guid":{"rendered":"http:\/\/todoapulmon-rafaela.com\/?p=20654"},"modified":"2020-02-21T19:46:08","modified_gmt":"2020-02-21T19:46:08","slug":"natacion-para-adultos-mayores-mas-de-250-inscriptos","status":"publish","type":"post","link":"https:\/\/todoapulmon-rafaela.com\/index.php\/2020\/02\/21\/natacion-para-adultos-mayores-mas-de-250-inscriptos\/","title":{"rendered":"Nataci\u00f3n para Adultos Mayores: m\u00e1s de 250 inscriptos"},"content":{"rendered":"<div class=\"gs\">\n<div class=\"\">\n<div id=\":od\" class=\"ii gt\">\n<div id=\":oc\" class=\"a3s aXjCH \">\n<div>\n<div>\n<div>\n<p>En la ma\u00f1ana del viernes, en el Complejo Cultural del Viejo Mercado, se realiz\u00f3 la inscripci\u00f3n para el programa \u00abNataci\u00f3n para Adultos Mayores\u00bb que organiza la Municipalidad de Rafaela, a trav\u00e9s de la Subsecretar\u00eda de Deportes y Recreaci\u00f3n.<\/p>\n<p>Para esta temporada se registraron m\u00e1s de 250 inscriptos en las actividades que tendr\u00e1n lugar en las piletas Amancay y Kinacqua. Las clases comenzar\u00e1n el lunes 2 de marzo.<\/p>\n<p>Cabe recordar que este programa que ya lleva varios a\u00f1os en marcha, est\u00e1 destinado a jubilados y pensionados, y forma parte de una pol\u00edtica social, deportiva, de recreaci\u00f3n e integraci\u00f3n que sostiene el Estado local ante la falta de estructuras que faciliten la participaci\u00f3n de los miembros de la tercera edad de nuestra comunidad.<\/p>\n<p>Recordemos que las actividades acu\u00e1ticas, como nataci\u00f3n y gimnasia en el agua, producen un gran beneficio para la salud. En este espacio tambi\u00e9n se generan lazos de amistad e intercambio que contribuyen a la salud emocional de las personas.<\/p>\n<\/div>\n<\/div>\n<\/div>\n<\/div>\n<div class=\"yj6qo\"><\/div>\n<\/div>\n<div class=\"hi\"><\/div>\n<\/div>\n<\/div>\n","protected":false},"excerpt":{"rendered":"<p>En la ma\u00f1ana del viernes, en el Complejo Cultural del Viejo Mercado, se realiz\u00f3 la inscripci\u00f3n para el programa \u00abNataci\u00f3n<\/p>\n","protected":false},"author":2,"featured_media":20655,"comment_status":"open","ping_status":"open","sticky":false,"template":"","format":"standard","meta":{"footnotes":""},"categories":[26,24],"tags":[],"class_list":["post-20654","post","type-post","status-publish","format-standard","has-post-thumbnail","hentry","category-natacion","category-noticias-destacadas"],"cc_featured_image_caption":{"caption_text":"Una masiva respuesta se dio en la ma\u00f1ana del viernes (foto prensa Municipalidad de Rafaela).","source_text":"","source_url":""},"_links":{"self":[{"href":"https:\/\/todoapulmon-rafaela.com\/index.php\/wp-json\/wp\/v2\/posts\/20654"}],"collection":[{"href":"https:\/\/todoapulmon-rafaela.com\/index.php\/wp-json\/wp\/v2\/posts"}],"about":[{"href":"https:\/\/todoapulmon-rafaela.com\/index.php\/wp-json\/wp\/v2\/types\/post"}],"author":[{"embeddable":true,"href":"https:\/\/todoapulmon-rafaela.com\/index.php\/wp-json\/wp\/v2\/users\/2"}],"replies":[{"embeddable":true,"href":"https:\/\/todoapulmon-rafaela.com\/index.php\/wp-json\/wp\/v2\/comments?post=20654"}],"version-history":[{"count":3,"href":"https:\/\/todoapulmon-rafaela.com\/index.php\/wp-json\/wp\/v2\/posts\/20654\/revisions"}],"predecessor-version":[{"id":20658,"href":"https:\/\/todoapulmon-rafaela.com\/index.php\/wp-json\/wp\/v2\/posts\/20654\/revisions\/20658"}],"wp:featuredmedia":[{"embeddable":true,"href":"https:\/\/todoapulmon-rafaela.com\/index.php\/wp-json\/wp\/v2\/media\/20655"}],"wp:attachment":[{"href":"https:\/\/todoapulmon-rafaela.com\/index.php\/wp-json\/wp\/v2\/media?parent=20654"}],"wp:term":[{"taxonomy":"category","embeddable":true,"href":"https:\/\/todoapulmon-rafaela.com\/index.php\/wp-json\/wp\/v2\/categories?post=20654"},{"taxonomy":"post_tag","embeddable":true,"href":"https:\/\/todoapulmon-rafaela.com\/index.php\/wp-json\/wp\/v2\/tags?post=20654"}],"curies":[{"name":"wp","href":"https:\/\/api.w.org\/{rel}","templated":true}]}}