{"id":20529,"date":"2020-02-10T13:06:06","date_gmt":"2020-02-10T13:06:06","guid":{"rendered":"http:\/\/todoapulmon-rafaela.com\/?p=20529"},"modified":"2020-02-13T12:00:41","modified_gmt":"2020-02-13T12:00:41","slug":"buenas-performances-locales-en-la-tanti-cosquin-tanti","status":"publish","type":"post","link":"https:\/\/todoapulmon-rafaela.com\/index.php\/2020\/02\/10\/buenas-performances-locales-en-la-tanti-cosquin-tanti\/","title":{"rendered":"Buenas performances locales en la Tanti-Cosqu\u00edn-Tanti"},"content":{"rendered":"<p>Con la presencia de varios bikers de nuestra ciudad se desarroll\u00f3 este fin de semana la prueba de mountain bike Rally Tanti-Cosqu\u00edn-Tanti, en la provincia de C\u00f3rdoba.<\/p>\n<p>Fernando Contreras y Paula Quiros fueron los vencedores de la competencia de 50 kil\u00f3metros que cumpli\u00f3 su 15\u00aa edici\u00f3n. El s\u00e1bado hubo una\u00a0cronoescalada, donde se impuso Contreras, escoltado por el chubutense -radicado en Rafaela- Nicol\u00e1s Antorena y Lucas Caballero. Entre\u00a0las damas, Quiros super\u00f3 a Julieta Sainz y Carolina Maldonado.<\/p>\n<p>El domingo, Contreras fue el ganador con un tiempo de 1h31m21s, superando\u00a0por 3m13s a Caballero y por 5m28s a Antorena. La misionera gan\u00f3 con un registro de 1h54m56s.<\/p>\n<p>Estas fueron las clasificaciones m\u00e1s salientes de los representantes de nuestra ciudad y localidades aleda\u00f1as:<\/p>\n<p>CRONO ESCALADA<br \/>\n2) Nicol\u00e1s Antorena 6m54s<br \/>\n6) Luisina Simondi 11m02s<br \/>\n8) Rosal\u00eda Gentinetta 12m03s<\/p>\n<p>CARRERA<\/p>\n<p>DAMAS ELITE<br \/>\n5) Luisina Simondi 2h19m17s<\/p>\n<p>DAMAS C<br \/>\n2) Rosal\u00eda Gentinetta 2h24m44s<\/p>\n<p>MASTER D2<br \/>\n3) Ra\u00fal Durando 2h19m56s<\/p>\n<p>MASTER C2<br \/>\n5) Oscar Abelda\u00f1o 1h58m32s<\/p>\n<p>MASTER B2<br \/>\n6) Leonardo Gonz\u00e1lez 1h53m59s<br \/>\n14) Cristian Saccavino.<\/p>\n<p>MASTER B1<br \/>\n11) Mat\u00edas Vilches 1h57m30s<br \/>\n32) Rafael Palmucci<\/p>\n<p>ELITE<br \/>\n3) Nicol\u00e1s Antorena 1h36m50s<\/p>\n<p>DAMAS PROMO B<br \/>\n1) Vanesa Pons 2h09m34s<\/p>\n<p>CABALLEROS PROMO B<\/p>\n<p>8) Ezequiel Al\u00ed.<\/p>\n<p>&nbsp;<\/p>\n","protected":false},"excerpt":{"rendered":"<p>Con la presencia de varios bikers de nuestra ciudad se desarroll\u00f3 este fin de semana la prueba de mountain bike<\/p>\n","protected":false},"author":2,"featured_media":20530,"comment_status":"open","ping_status":"open","sticky":false,"template":"","format":"standard","meta":{"footnotes":""},"categories":[4,24],"tags":[],"class_list":["post-20529","post","type-post","status-publish","format-standard","has-post-thumbnail","hentry","category-ciclismo","category-noticias-destacadas"],"cc_featured_image_caption":{"caption_text":"Luisina Simondi, quinta en Damas Elite. (Foto archivo).","source_text":"","source_url":""},"_links":{"self":[{"href":"https:\/\/todoapulmon-rafaela.com\/index.php\/wp-json\/wp\/v2\/posts\/20529"}],"collection":[{"href":"https:\/\/todoapulmon-rafaela.com\/index.php\/wp-json\/wp\/v2\/posts"}],"about":[{"href":"https:\/\/todoapulmon-rafaela.com\/index.php\/wp-json\/wp\/v2\/types\/post"}],"author":[{"embeddable":true,"href":"https:\/\/todoapulmon-rafaela.com\/index.php\/wp-json\/wp\/v2\/users\/2"}],"replies":[{"embeddable":true,"href":"https:\/\/todoapulmon-rafaela.com\/index.php\/wp-json\/wp\/v2\/comments?post=20529"}],"version-history":[{"count":4,"href":"https:\/\/todoapulmon-rafaela.com\/index.php\/wp-json\/wp\/v2\/posts\/20529\/revisions"}],"predecessor-version":[{"id":20568,"href":"https:\/\/todoapulmon-rafaela.com\/index.php\/wp-json\/wp\/v2\/posts\/20529\/revisions\/20568"}],"wp:featuredmedia":[{"embeddable":true,"href":"https:\/\/todoapulmon-rafaela.com\/index.php\/wp-json\/wp\/v2\/media\/20530"}],"wp:attachment":[{"href":"https:\/\/todoapulmon-rafaela.com\/index.php\/wp-json\/wp\/v2\/media?parent=20529"}],"wp:term":[{"taxonomy":"category","embeddable":true,"href":"https:\/\/todoapulmon-rafaela.com\/index.php\/wp-json\/wp\/v2\/categories?post=20529"},{"taxonomy":"post_tag","embeddable":true,"href":"https:\/\/todoapulmon-rafaela.com\/index.php\/wp-json\/wp\/v2\/tags?post=20529"}],"curies":[{"name":"wp","href":"https:\/\/api.w.org\/{rel}","templated":true}]}}