{"id":20486,"date":"2020-02-02T17:00:17","date_gmt":"2020-02-02T17:00:17","guid":{"rendered":"http:\/\/todoapulmon-rafaela.com\/?p=20486"},"modified":"2020-02-02T17:04:27","modified_gmt":"2020-02-02T17:04:27","slug":"todos-al-agua-se-despidio-hasta-el-proximo-verano","status":"publish","type":"post","link":"https:\/\/todoapulmon-rafaela.com\/index.php\/2020\/02\/02\/todos-al-agua-se-despidio-hasta-el-proximo-verano\/","title":{"rendered":"\u201cTodos al Agua\u201d se despidi\u00f3 hasta el pr\u00f3ximo verano"},"content":{"rendered":"<p style=\"font-weight: 400\">Finaliz\u00f3 una nueva edici\u00f3n del programa municipal \u00abTodos al Agua\u00bb, la colonia de vacaciones fue organizada por la Municipalidad de Rafaela y destinada a ni\u00f1os y ni\u00f1as de 6 a 12 a\u00f1os que viven en 24 barrios de nuestra ciudad.<\/p>\n<p style=\"font-weight: 400\">\u00a0Se trata de una inversi\u00f3n que realiza el Municipio para el traslado y alimentaci\u00f3n de los chicos, profesores, mantenimiento y climatizaci\u00f3n de las piletas. De esta forma, un importante n\u00famero de chicos que no tienen la posibilidad econ\u00f3mica, reciben el beneficio de poder disfrutar de una colonia de vacaciones aprendiendo a nadar de manera absolutamente gratuita.<\/p>\n<p style=\"font-weight: 400\">\u00a0En esta ocasi\u00f3n, a la pileta de la \u00abGranja El Ceibo\u00bb, ubicada en Joaqu\u00edn V. Gonz\u00e1lez y Chaco, disfrutaron del agua, el sol y los entretenimientos los chicos de los barrios Guillermo Lehmann, Luis Fasoli, Monse\u00f1or Zazpe, Villa Dominga, Italia y San Jos\u00e9.<\/p>\n<p style=\"font-weight: 400\">\u00a0Mientras que, en la pileta del Centro de Educaci\u00f3n F\u00edsica N\u00ba 53, lo hicieron quienes habitan en los barrios Ant\u00e1rtida Argentina, Amancay, Malvinas Argentinas, Los Nogales, Villa del Parque y Nuestra Se\u00f1ora de Lujan.<\/p>\n<p style=\"font-weight: 400\">\u00a0En cada jornada, los peque\u00f1os recibieron un refrigerio saludable y desarrollaron clases de nataci\u00f3n y actividades recreativas.<\/p>\n<div id=\":op\" class=\"pG\"><\/div>\n<p>&nbsp;<\/p>\n","protected":false},"excerpt":{"rendered":"<p>Finaliz\u00f3 una nueva edici\u00f3n del programa municipal \u00abTodos al Agua\u00bb, la colonia de vacaciones fue organizada por la Municipalidad de<\/p>\n","protected":false},"author":2,"featured_media":20487,"comment_status":"open","ping_status":"open","sticky":false,"template":"","format":"standard","meta":{"footnotes":""},"categories":[26],"tags":[],"class_list":["post-20486","post","type-post","status-publish","format-standard","has-post-thumbnail","hentry","category-natacion"],"cc_featured_image_caption":{"caption_text":"","source_text":"","source_url":""},"_links":{"self":[{"href":"https:\/\/todoapulmon-rafaela.com\/index.php\/wp-json\/wp\/v2\/posts\/20486"}],"collection":[{"href":"https:\/\/todoapulmon-rafaela.com\/index.php\/wp-json\/wp\/v2\/posts"}],"about":[{"href":"https:\/\/todoapulmon-rafaela.com\/index.php\/wp-json\/wp\/v2\/types\/post"}],"author":[{"embeddable":true,"href":"https:\/\/todoapulmon-rafaela.com\/index.php\/wp-json\/wp\/v2\/users\/2"}],"replies":[{"embeddable":true,"href":"https:\/\/todoapulmon-rafaela.com\/index.php\/wp-json\/wp\/v2\/comments?post=20486"}],"version-history":[{"count":2,"href":"https:\/\/todoapulmon-rafaela.com\/index.php\/wp-json\/wp\/v2\/posts\/20486\/revisions"}],"predecessor-version":[{"id":20489,"href":"https:\/\/todoapulmon-rafaela.com\/index.php\/wp-json\/wp\/v2\/posts\/20486\/revisions\/20489"}],"wp:featuredmedia":[{"embeddable":true,"href":"https:\/\/todoapulmon-rafaela.com\/index.php\/wp-json\/wp\/v2\/media\/20487"}],"wp:attachment":[{"href":"https:\/\/todoapulmon-rafaela.com\/index.php\/wp-json\/wp\/v2\/media?parent=20486"}],"wp:term":[{"taxonomy":"category","embeddable":true,"href":"https:\/\/todoapulmon-rafaela.com\/index.php\/wp-json\/wp\/v2\/categories?post=20486"},{"taxonomy":"post_tag","embeddable":true,"href":"https:\/\/todoapulmon-rafaela.com\/index.php\/wp-json\/wp\/v2\/tags?post=20486"}],"curies":[{"name":"wp","href":"https:\/\/api.w.org\/{rel}","templated":true}]}}