{"id":20459,"date":"2020-01-31T21:28:39","date_gmt":"2020-01-31T21:28:39","guid":{"rendered":"http:\/\/todoapulmon-rafaela.com\/?p=20459"},"modified":"2020-01-31T21:28:39","modified_gmt":"2020-01-31T21:28:39","slug":"la-vuelta-de-acuna-a-la-seleccion","status":"publish","type":"post","link":"https:\/\/todoapulmon-rafaela.com\/index.php\/2020\/01\/31\/la-vuelta-de-acuna-a-la-seleccion\/","title":{"rendered":"La vuelta de Acu\u00f1a a la Selecci\u00f3n"},"content":{"rendered":"<p>El entrenador en jefe de la Selecci\u00f3n Argentina de B\u00e1squet,<strong>Sergio Hern\u00e1ndez<\/strong>, confirm\u00f3 este viernes los 12 jugadores convocados, casi todos de la LNB, para la primera ventana del 2020 de las\u00a0<strong>Eliminatorias FIBA,\u00a0<\/strong><strong>con la vuelta del rafaelino Roberto Acu\u00f1a, de buena temporada en Gimnasia y Esgrima de Comodoro Rivadavia.<\/strong><\/p>\n<p>La Selecci\u00f3n Nacional jugar\u00e1 por el Grupo A el 20 de febrero contra\u00a0<strong>Venezuela<\/strong>\u00a0en nuestro pa\u00eds (sede a confirmar, no ser\u00e1 La Rioja), en el inicio de los Clasificatorios para la edici\u00f3n 2021 de la\u00a0<strong>FIBA AmeriCup<\/strong>. El siguiente duelo ser\u00e1 el 23 de febrero, contra el mismo rival, en Caracas (Venezuela).<\/p>\n<p><strong>CONVOCADOS<\/p>\n<p>BASES<\/p>\n<p>Jos\u00e9 Vildoza (San Lorenzo de Almagro)<\/strong><br \/>\nFecha de nacimiento: 15\/01\/96<br \/>\nLugar: Ciudad de C\u00f3rdoba<br \/>\nAltura: 1,91<\/p>\n<p><strong>Pedro Barral (Obras Basket)<\/strong><br \/>\nFecha de Nacimiento: 20\/10\/94<br \/>\nLugar: Mor\u00f3n, Buenos Aires<br \/>\nAltura: 1,87<\/p>\n<p><strong>ESCOLTAS<\/p>\n<p>Selem Safar (Comunicaciones de Mercedes)<\/strong><br \/>\nFecha de Nacimiento: 06\/05\/87<br \/>\nLugar: Mar del Plata, Buenos Aires<br \/>\nAltura: 1,92<\/p>\n<p><strong>Luciano Gonz\u00e1lez (San Lorenzo de Almagro)<\/strong><br \/>\nFecha de Nacimiento: 01\/01\/90<br \/>\nLugar: Paran\u00e1, Entre R\u00edos<br \/>\nAltura: 1,91<\/p>\n<p><strong>ALEROS<\/p>\n<p>M\u00e1ximo Fjellerup (San Lorenzo de Almagro)<\/strong><br \/>\nFecha de Nacimiento: 25\/11\/97<br \/>\nLugar: Tres Arroyos, Buenos Aires<br \/>\nAltura: 1,94<\/p>\n<p><strong>Juan Pablo Vaulet (Baxi Manresa, Espa\u00f1a)<\/strong><br \/>\nFecha de Nacimiento: 22\/03\/96<br \/>\nLugar: Ciudad de C\u00f3rdoba<br \/>\nAltura: 1,99<\/p>\n<p><strong>Mart\u00edn Cuello (Instituto de C\u00f3rdoba)<\/strong><br \/>\nFecha de Nacimiento:12\/03\/93<br \/>\nLugar: Ramos Mej\u00eda, Buenos Aires<br \/>\nAltura: 1,93<\/p>\n<p><strong>ALA-PIVOTES<\/p>\n<p>Facundo Pi\u00f1ero (San Lorenzo de Almagro)<\/strong><br \/>\nFecha de Nacimiento: 26\/09\/88<br \/>\nLugar: Mar del Plata, Buenos Aires<br \/>\nAltura: 2,02<\/p>\n<p><strong>Agust\u00edn Caffaro (San Lorenzo de Almagro)<\/strong><br \/>\nFecha de Nacimiento: 06\/02\/95<br \/>\nLugar: Piamonte, Santa Fe<br \/>\nAltura: 2,10<\/p>\n<p><strong>Fabi\u00e1n Ram\u00edrez Barrios (Regatas Corrientes)<\/strong><br \/>\nFecha de Nacimiento: 23\/02\/90<br \/>\nLugar: Ciudad de Corrientes<br \/>\nAltura: 1,97<\/p>\n<p><strong>PIVOTES<\/p>\n<p>Roberto Acu\u00f1a (Gimnasia de Comodoro Rivadavia)<\/strong><br \/>\nFecha de Nacimiento: 14\/09\/90<br \/>\nLugar: Rafaela, Santa Fe<br \/>\nAltura: 2,08<\/p>\n<p><strong>Tayavek Gallizzi (Regatas Corrientes)<\/strong><br \/>\nFecha de Nacimiento: 08\/02\/93<br \/>\nLugar: Ciudad de Santa Fe<br \/>\nAltura: 2,05<\/p>\n<p><strong>SIGUIENTES VENTANAS<\/strong><\/p>\n<p>La segunda ventana de los Clasificatorios para la edici\u00f3n 2021 de la FIBA AmeriCup ser\u00e1 del 23 de noviembre al 1 de diciembre y tendr\u00e1 estos partidos para nuestra selecci\u00f3n: Argentina-Chile (27\/11) y Argentina-Colombia (30\/11). Mientras que la tercera y \u00faltima ventana ser\u00e1 del 15 al 23 de febrero de 2021, con estos enfrentamientos: Chile-Argentina (18\/02\/21) y Colombia-Argentina (21\/02\/21).<\/p>\n","protected":false},"excerpt":{"rendered":"<p>El entrenador en jefe de la Selecci\u00f3n Argentina de B\u00e1squet,Sergio Hern\u00e1ndez, confirm\u00f3 este viernes los 12 jugadores convocados, casi todos<\/p>\n","protected":false},"author":2,"featured_media":20460,"comment_status":"open","ping_status":"open","sticky":false,"template":"","format":"standard","meta":{"footnotes":""},"categories":[5,24],"tags":[],"class_list":["post-20459","post","type-post","status-publish","format-standard","has-post-thumbnail","hentry","category-basquet","category-noticias-destacadas"],"cc_featured_image_caption":{"caption_text":"","source_text":"","source_url":""},"_links":{"self":[{"href":"https:\/\/todoapulmon-rafaela.com\/index.php\/wp-json\/wp\/v2\/posts\/20459"}],"collection":[{"href":"https:\/\/todoapulmon-rafaela.com\/index.php\/wp-json\/wp\/v2\/posts"}],"about":[{"href":"https:\/\/todoapulmon-rafaela.com\/index.php\/wp-json\/wp\/v2\/types\/post"}],"author":[{"embeddable":true,"href":"https:\/\/todoapulmon-rafaela.com\/index.php\/wp-json\/wp\/v2\/users\/2"}],"replies":[{"embeddable":true,"href":"https:\/\/todoapulmon-rafaela.com\/index.php\/wp-json\/wp\/v2\/comments?post=20459"}],"version-history":[{"count":1,"href":"https:\/\/todoapulmon-rafaela.com\/index.php\/wp-json\/wp\/v2\/posts\/20459\/revisions"}],"predecessor-version":[{"id":20461,"href":"https:\/\/todoapulmon-rafaela.com\/index.php\/wp-json\/wp\/v2\/posts\/20459\/revisions\/20461"}],"wp:featuredmedia":[{"embeddable":true,"href":"https:\/\/todoapulmon-rafaela.com\/index.php\/wp-json\/wp\/v2\/media\/20460"}],"wp:attachment":[{"href":"https:\/\/todoapulmon-rafaela.com\/index.php\/wp-json\/wp\/v2\/media?parent=20459"}],"wp:term":[{"taxonomy":"category","embeddable":true,"href":"https:\/\/todoapulmon-rafaela.com\/index.php\/wp-json\/wp\/v2\/categories?post=20459"},{"taxonomy":"post_tag","embeddable":true,"href":"https:\/\/todoapulmon-rafaela.com\/index.php\/wp-json\/wp\/v2\/tags?post=20459"}],"curies":[{"name":"wp","href":"https:\/\/api.w.org\/{rel}","templated":true}]}}