{"id":20364,"date":"2020-01-23T02:01:19","date_gmt":"2020-01-23T02:01:19","guid":{"rendered":"http:\/\/todoapulmon-rafaela.com\/?p=20364"},"modified":"2020-01-23T02:01:19","modified_gmt":"2020-01-23T02:01:19","slug":"gran-convocatoria-en-la-primera-bicicleteada-de-la-agenda-verano-aca","status":"publish","type":"post","link":"https:\/\/todoapulmon-rafaela.com\/index.php\/2020\/01\/23\/gran-convocatoria-en-la-primera-bicicleteada-de-la-agenda-verano-aca\/","title":{"rendered":"Gran convocatoria en la primera bicicleteada de la agenda Verano Ac\u00e1"},"content":{"rendered":"<p style=\"font-weight: 400\">La noche del mi\u00e9rcoles convoc\u00f3 a una gran cantidad de ni\u00f1os, j\u00f3venes y adultos, que se sumaron a la primera bicicleteada del ciclo Verano Ac\u00e1 para disfrutar de la bicicleta como medio de movilidad sustentable, en un recorrido de 8,5 kil\u00f3metros por las calles de la ciudad. La actividad estuvo a cargo de la Secretar\u00eda de Ambiente y Movilidad, la Secretar\u00eda de Cultura, el Instituto para el Desarrollo Sustentable y la Subsecretar\u00eda de Deportes y Recreaci\u00f3n.<\/p>\n<p style=\"font-weight: 400\">Finalizado el evento se sortearon una bicicleta y otros premios entre los participantes. Cabe destacar que el equipo de Tours Bike realiz\u00f3 un importante apoyo para que toda la actividad se pudiera realizar en orden.<\/p>\n<p style=\"font-weight: 400\">El recorrido centr\u00f3 su despliegue, principalmente en el sector sur de la ciudad, donde el Estado local realiz\u00f3 importantes obras viales. \u201cEn esta oportunidad aprovechamos este espacio tan lindo y solicitado por los ciudadanos, para recorrer los 2 kil\u00f3metros nuevos de ciclov\u00eda\u201d, explic\u00f3 la secretaria de Ambiente y Movilidad, Paz Caruso.<\/p>\n<p style=\"font-weight: 400\">\u201cNo solamente promovemos el uso de la bici como transporte que cuida el ambiente, sino que tambi\u00e9n dotamos a la ciudad de sendas y se\u00f1alizaci\u00f3n segura para que los ciclistas puedan circular\u201d, se\u00f1al\u00f3. Y agreg\u00f3 que \u201clas bicicleteadas son siempre un momento de encuentro, y la participaci\u00f3n crece con cada edici\u00f3n. Vamos a seguir trabajando para potenciar estos espacios\u201d.<\/p>\n<p style=\"font-weight: 400\">Con muy buena predisposici\u00f3n de todos los asistentes y un clima de entusiasmo, el recorrido comenz\u00f3 a las 20:00 y finaliz\u00f3, aproximadamente, una hora despu\u00e9s. Llegados los ciclistas, se realiz\u00f3 una clase de estiramiento y los sorteos entre todos los participantes.<\/p>\n<p style=\"font-weight: 400\">La movilidad sustentable es uno de los ejes de trabajo del Municipio. Este tipo de actividades buscan promover que cada d\u00eda m\u00e1s personas elijan este medio de transporte para realizar sus traslados, ya que el uso de la bicicleta permite entre otras cosas, cuidar el ambiente, descomprimir el tr\u00e1nsito y contribuir al cuidado de la salud, mientras se disfruta del aire libre y la actividad f\u00edsica.<\/p>\n<p style=\"font-weight: 400\">Se agradece a Casa Delma y Bici Peretti por su aporte y a Tours Bike por la participaci\u00f3n y el apoyo.<\/p>\n","protected":false},"excerpt":{"rendered":"<p>La noche del mi\u00e9rcoles convoc\u00f3 a una gran cantidad de ni\u00f1os, j\u00f3venes y adultos, que se sumaron a la primera<\/p>\n","protected":false},"author":2,"featured_media":20365,"comment_status":"open","ping_status":"open","sticky":false,"template":"","format":"standard","meta":{"footnotes":""},"categories":[4,24],"tags":[],"class_list":["post-20364","post","type-post","status-publish","format-standard","has-post-thumbnail","hentry","category-ciclismo","category-noticias-destacadas"],"cc_featured_image_caption":{"caption_text":"El tramo inicial del recorrido de este mi\u00e9rcoles (foto prensa Municipalidad de Rafaela).","source_text":"","source_url":""},"_links":{"self":[{"href":"https:\/\/todoapulmon-rafaela.com\/index.php\/wp-json\/wp\/v2\/posts\/20364"}],"collection":[{"href":"https:\/\/todoapulmon-rafaela.com\/index.php\/wp-json\/wp\/v2\/posts"}],"about":[{"href":"https:\/\/todoapulmon-rafaela.com\/index.php\/wp-json\/wp\/v2\/types\/post"}],"author":[{"embeddable":true,"href":"https:\/\/todoapulmon-rafaela.com\/index.php\/wp-json\/wp\/v2\/users\/2"}],"replies":[{"embeddable":true,"href":"https:\/\/todoapulmon-rafaela.com\/index.php\/wp-json\/wp\/v2\/comments?post=20364"}],"version-history":[{"count":1,"href":"https:\/\/todoapulmon-rafaela.com\/index.php\/wp-json\/wp\/v2\/posts\/20364\/revisions"}],"predecessor-version":[{"id":20366,"href":"https:\/\/todoapulmon-rafaela.com\/index.php\/wp-json\/wp\/v2\/posts\/20364\/revisions\/20366"}],"wp:featuredmedia":[{"embeddable":true,"href":"https:\/\/todoapulmon-rafaela.com\/index.php\/wp-json\/wp\/v2\/media\/20365"}],"wp:attachment":[{"href":"https:\/\/todoapulmon-rafaela.com\/index.php\/wp-json\/wp\/v2\/media?parent=20364"}],"wp:term":[{"taxonomy":"category","embeddable":true,"href":"https:\/\/todoapulmon-rafaela.com\/index.php\/wp-json\/wp\/v2\/categories?post=20364"},{"taxonomy":"post_tag","embeddable":true,"href":"https:\/\/todoapulmon-rafaela.com\/index.php\/wp-json\/wp\/v2\/tags?post=20364"}],"curies":[{"name":"wp","href":"https:\/\/api.w.org\/{rel}","templated":true}]}}