{"id":20286,"date":"2020-01-14T02:13:43","date_gmt":"2020-01-14T02:13:43","guid":{"rendered":"http:\/\/todoapulmon-rafaela.com\/?p=20286"},"modified":"2020-01-14T02:13:43","modified_gmt":"2020-01-14T02:13:43","slug":"crar-comenzo-la-pretemporada","status":"publish","type":"post","link":"https:\/\/todoapulmon-rafaela.com\/index.php\/2020\/01\/14\/crar-comenzo-la-pretemporada\/","title":{"rendered":"CRAR comenz\u00f3 la pretemporada"},"content":{"rendered":"<p>Este lunes se puso en marcha la pretemporada del hockey de CRAR en cuanto a su plantel superior, de cara a los distintos objetivos de este a\u00f1o. Cerca de 40 jugadoras, entre primera, reserva y Sub 19, asistieron en una zona aleda\u00f1a a la Ciclov\u00eda para comenzar formalmente el cronograma de trabajo dispuesto por el cuerpo t\u00e9cnico encabezado por Fabi\u00e1n Montesano.<\/p>\n<p>Luego de las primeras palabras de presentaci\u00f3n del presidente de la instituci\u00f3n, Diego Rivas, el entrenador Fabi\u00e1n Montesano se dirigi\u00f3 a las jugadoras para comentarles los principales detalles del trabajo que apuntar\u00e1 a llegar de la mejor manera al comienzo del torneo de Primera A que se iniciar\u00eda el 14 de marzo, y del cual participar\u00e1n 12 equipos, los seis mejores de la temporada pasada en Santa Fe y Entre R\u00edos.<\/p>\n<p>Luego, a fines de ese mes, est\u00e1 previsto el Regional de Clubes NEA Nivel C en Resistencia, Chaco.<\/p>\n<p><img loading=\"lazy\" decoding=\"async\" class=\"alignnone size-medium wp-image-20288\" src=\"http:\/\/todoapulmon-rafaela.com\/wp-content\/uploads\/2020\/01\/P1380128_resultado-300x295.jpg\" alt=\"P1380128_resultado\" width=\"300\" height=\"295\" srcset=\"https:\/\/todoapulmon-rafaela.com\/wp-content\/uploads\/2020\/01\/P1380128_resultado-300x295.jpg 300w, https:\/\/todoapulmon-rafaela.com\/wp-content\/uploads\/2020\/01\/P1380128_resultado.jpg 1222w\" sizes=\"(max-width: 300px) 100vw, 300px\" \/><\/p>\n<p>Los primeros trabajos f\u00edsicos fueron dispuestos por el profesor Samuel Epstein, quien se ha sumado al cuerpo t\u00e9cnico para trabajar junto a Hern\u00e1n Galfr\u00e9, en dicha funci\u00f3n. Cabe recordar que tambi\u00e9n estar\u00e1 colaborando con la parte t\u00e9cnica Evangelina Beltrocco, tras comunicar su decisi\u00f3n de no continuar jugando.<\/p>\n<blockquote class=\"twitter-tweet\" data-width=\"550\">\n<p lang=\"es\" dir=\"ltr\">Pretemporada del plantel superior de hockey de <a href=\"https:\/\/twitter.com\/ClubCrar?ref_src=twsrc%5Etfw\">@ClubCrar<\/a> en marcha. <a href=\"https:\/\/t.co\/69FUT8D1Vh\">https:\/\/t.co\/69FUT8D1Vh<\/a><\/p>\n<p>&mdash; Dario Gutierrez (@revistatodoapu1) <a href=\"https:\/\/twitter.com\/revistatodoapu1\/status\/1216881473149702144?ref_src=twsrc%5Etfw\">January 14, 2020<\/a><\/p><\/blockquote>\n<p><script async src=\"https:\/\/platform.twitter.com\/widgets.js\" charset=\"utf-8\"><\/script><\/p>\n","protected":false},"excerpt":{"rendered":"<p>Este lunes se puso en marcha la pretemporada del hockey de CRAR en cuanto a su plantel superior, de cara<\/p>\n","protected":false},"author":2,"featured_media":20287,"comment_status":"open","ping_status":"open","sticky":false,"template":"","format":"standard","meta":{"footnotes":""},"categories":[3,24],"tags":[],"class_list":["post-20286","post","type-post","status-publish","format-standard","has-post-thumbnail","hentry","category-hockey","category-noticias-destacadas"],"cc_featured_image_caption":{"caption_text":"","source_text":"","source_url":""},"_links":{"self":[{"href":"https:\/\/todoapulmon-rafaela.com\/index.php\/wp-json\/wp\/v2\/posts\/20286"}],"collection":[{"href":"https:\/\/todoapulmon-rafaela.com\/index.php\/wp-json\/wp\/v2\/posts"}],"about":[{"href":"https:\/\/todoapulmon-rafaela.com\/index.php\/wp-json\/wp\/v2\/types\/post"}],"author":[{"embeddable":true,"href":"https:\/\/todoapulmon-rafaela.com\/index.php\/wp-json\/wp\/v2\/users\/2"}],"replies":[{"embeddable":true,"href":"https:\/\/todoapulmon-rafaela.com\/index.php\/wp-json\/wp\/v2\/comments?post=20286"}],"version-history":[{"count":1,"href":"https:\/\/todoapulmon-rafaela.com\/index.php\/wp-json\/wp\/v2\/posts\/20286\/revisions"}],"predecessor-version":[{"id":20289,"href":"https:\/\/todoapulmon-rafaela.com\/index.php\/wp-json\/wp\/v2\/posts\/20286\/revisions\/20289"}],"wp:featuredmedia":[{"embeddable":true,"href":"https:\/\/todoapulmon-rafaela.com\/index.php\/wp-json\/wp\/v2\/media\/20287"}],"wp:attachment":[{"href":"https:\/\/todoapulmon-rafaela.com\/index.php\/wp-json\/wp\/v2\/media?parent=20286"}],"wp:term":[{"taxonomy":"category","embeddable":true,"href":"https:\/\/todoapulmon-rafaela.com\/index.php\/wp-json\/wp\/v2\/categories?post=20286"},{"taxonomy":"post_tag","embeddable":true,"href":"https:\/\/todoapulmon-rafaela.com\/index.php\/wp-json\/wp\/v2\/tags?post=20286"}],"curies":[{"name":"wp","href":"https:\/\/api.w.org\/{rel}","templated":true}]}}