{"id":20269,"date":"2020-01-11T18:55:39","date_gmt":"2020-01-11T18:55:39","guid":{"rendered":"http:\/\/todoapulmon-rafaela.com\/?p=20269"},"modified":"2020-01-11T18:55:39","modified_gmt":"2020-01-11T18:55:39","slug":"nicolas-antorena-y-una-caida-que-pudo-ser-mas-grave-en-el-giro-del-sol","status":"publish","type":"post","link":"https:\/\/todoapulmon-rafaela.com\/index.php\/2020\/01\/11\/nicolas-antorena-y-una-caida-que-pudo-ser-mas-grave-en-el-giro-del-sol\/","title":{"rendered":"Nicol\u00e1s Antorena y una ca\u00edda que pudo ser m\u00e1s grave en el Giro del Sol"},"content":{"rendered":"<p>Como es tradicional, la provincia de San Juan marca la tendencia en el inicio de la actividad cicl\u00edstica de ruta a nivel nacional en el comienzo de cada a\u00f1o.<\/p>\n<p>El Giro del Sol es una de las cl\u00e1sicas citas cuyanas donde muchos pedalistas de todo el pa\u00eds llegan para tratar de arrancar de la mejor manera y de ese modo asegurarse chances importantes para el resto de la temporada de verano.<\/p>\n<p>Nicol\u00e1s Antorena, que lleg\u00f3 hace algunos a\u00f1os a Rafaela desde la provincia de Chubut y ha elegido nuestra ciudad como base de entrenamiento cuando se encuentra en el pa\u00eds, tuvo el infortunio de sufrir una m\u00faltiple ca\u00edda en la primera etapa del viernes. Pero tomando en referencia las lesiones de otros involucrados, el abandono prematuro de la prueba y un corte bastante profundo en una pierna no son tan graves viendo las consecuencias de los dem\u00e1s accidentados.<\/p>\n<p>\u00abTuvimos una ca\u00edda a casi 60 km, est\u00e1bamos escapados 8 corredores, hab\u00eda mucho viento lateral y ven\u00edamos contra la l\u00ednea blanca de la banquina. Se ve que el primer corredor ven\u00eda con la cabeza abajo y no vio una moto de la organizaci\u00f3n que estaba sacando fotos, nosotros no pudimos hacer nada ya que al caerse la moto la tir\u00f3 contra el asfalto y no hab\u00eda escapatoria, sin embargo yo no s\u00e9\u00a0como hice qu\u00e9 pas\u00e9 entre los que se iban cayendo y la moto que estaba tirada\u00bb, relat\u00f3 Nicol\u00e1s sobre el accidente ante la consulta de esta web, desde San Juan.<\/p>\n<p>No obstante, sufri\u00f3 un corte importante que oblig\u00f3 a su traslado a un centro m\u00e9dico. \u00abSe ve que al pasar entre medio me cort\u00e9 la pierna, a\u00a0la altura de la tibia, como de 6 o 7 cent\u00edmetros. Fue muy profundo, me llegaba hasta el hueso, asi que me llevaron de urgencia al hospital Rawson para coserme la herida\u00bb, agreg\u00f3.<\/p>\n<p>En cuanto a lo inmediato para su recuperaci\u00f3n, el ciclista patag\u00f3nico nos cont\u00f3 que \u00abme dijeron que tengo para 5 o 6 d\u00edas sin tocar la bici hasta que me saquen los puntos. Esto me retrasa la preparaci\u00f3n, pero no me afecta para ir a Europa, ya que me quedan un mes y medio antes de viajar. Teniendo en cuenta que otros ciclistas sufrieron fractura de clav\u00edcula, de mu\u00f1eca y uno hasta tiene un corte muy grande que puede comprometer un m\u00fasculo de una pierna, lo m\u00edo es algo no tan complicado.\u00a0Es un poco el riesgo que uno toma para llegar con un punto m\u00e1s que los europeos a comienzo de temporada\u00bb.<\/p>\n<p>En lo deportivo, hab\u00eda un motivo claro para que Nico se sume a las filas del equipo Mimani Zabala para el Giro. \u00abVen\u00eda s\u00f3lo a correr el Giro del Sol, con la intenci\u00f3n de hacerlo bien y poder tener un lugar para correr la vuelta a San Juan (con el equipo nacional no hay nada definido en las plazas), pero esto me descoloc\u00f3 todos los planes. Esta carrera est\u00e1 cerca de la Vuelta y es una linda vidriera si te toca andar bien, como para que te llamen\u00bb.<\/p>\n<p>EN FEBRERO A ESPA\u00d1A<\/p>\n<p>Antorena ya tiene programado su futuro en Europa para 2020, pero en cuanto a la preparaci\u00f3n deber\u00e1 seguramente retrasar algo por esta lesi\u00f3n. \u00abEl lunes vuelvo para Rafaela y me tengo que sentar hablar con Demis Aleman, mi entrenador, y plantearnos como seguir en base a la recuperaci\u00f3n\u00bb, coment\u00f3.<\/p>\n<p>El viaje a Espa\u00f1a ser\u00e1 el\u00a024 de febrero y permanecer\u00e1 realizando competencias hasta mediados de agosto. Su equipo, 100 por ciento profesional, ser\u00e1 el \u00abSupermercados Froiz\u00bb, que tiene la sede en Pontevedra (Galicia).<\/p>\n<p>\u00abEs uno de los equipos m\u00e1s importantes de Espa\u00f1a, vamos a disputar toda la Copa Espa\u00f1a, que tiene mucho prestigio y donde hay varios equipos World Tour mirando. Luego, el t\u00e9cnico decidir\u00e1 si tengo que correr otras Vueltas\u00bb.<\/p>\n","protected":false},"excerpt":{"rendered":"<p>Como es tradicional, la provincia de San Juan marca la tendencia en el inicio de la actividad cicl\u00edstica de ruta<\/p>\n","protected":false},"author":2,"featured_media":20270,"comment_status":"open","ping_status":"open","sticky":false,"template":"","format":"standard","meta":{"footnotes":""},"categories":[4,24],"tags":[],"class_list":["post-20269","post","type-post","status-publish","format-standard","has-post-thumbnail","hentry","category-ciclismo","category-noticias-destacadas"],"cc_featured_image_caption":{"caption_text":"Antorena instantes despu\u00e9s del accidente. En la pierna izquiera sufri\u00f3 el profundo corte.","source_text":"","source_url":""},"_links":{"self":[{"href":"https:\/\/todoapulmon-rafaela.com\/index.php\/wp-json\/wp\/v2\/posts\/20269"}],"collection":[{"href":"https:\/\/todoapulmon-rafaela.com\/index.php\/wp-json\/wp\/v2\/posts"}],"about":[{"href":"https:\/\/todoapulmon-rafaela.com\/index.php\/wp-json\/wp\/v2\/types\/post"}],"author":[{"embeddable":true,"href":"https:\/\/todoapulmon-rafaela.com\/index.php\/wp-json\/wp\/v2\/users\/2"}],"replies":[{"embeddable":true,"href":"https:\/\/todoapulmon-rafaela.com\/index.php\/wp-json\/wp\/v2\/comments?post=20269"}],"version-history":[{"count":1,"href":"https:\/\/todoapulmon-rafaela.com\/index.php\/wp-json\/wp\/v2\/posts\/20269\/revisions"}],"predecessor-version":[{"id":20271,"href":"https:\/\/todoapulmon-rafaela.com\/index.php\/wp-json\/wp\/v2\/posts\/20269\/revisions\/20271"}],"wp:featuredmedia":[{"embeddable":true,"href":"https:\/\/todoapulmon-rafaela.com\/index.php\/wp-json\/wp\/v2\/media\/20270"}],"wp:attachment":[{"href":"https:\/\/todoapulmon-rafaela.com\/index.php\/wp-json\/wp\/v2\/media?parent=20269"}],"wp:term":[{"taxonomy":"category","embeddable":true,"href":"https:\/\/todoapulmon-rafaela.com\/index.php\/wp-json\/wp\/v2\/categories?post=20269"},{"taxonomy":"post_tag","embeddable":true,"href":"https:\/\/todoapulmon-rafaela.com\/index.php\/wp-json\/wp\/v2\/tags?post=20269"}],"curies":[{"name":"wp","href":"https:\/\/api.w.org\/{rel}","templated":true}]}}