{"id":20228,"date":"2019-12-30T16:15:55","date_gmt":"2019-12-30T16:15:55","guid":{"rendered":"http:\/\/todoapulmon-rafaela.com\/?p=20228"},"modified":"2019-12-30T17:32:17","modified_gmt":"2019-12-30T17:32:17","slug":"trail-para-cerrar-el-ano","status":"publish","type":"post","link":"https:\/\/todoapulmon-rafaela.com\/index.php\/2019\/12\/30\/trail-para-cerrar-el-ano\/","title":{"rendered":"Trail para cerrar el a\u00f1o"},"content":{"rendered":"<p>En Monte Vera se desarroll\u00f3 el domingo la \u00faltima fecha del calendario Mosquito Trail, en la que participaron varios representantes de nuestra ciudad.<\/p>\n<p>Entre los m\u00e1s destacados, cabe mencionar a Florencia Hang, del Wayra-Running Team, que se impuso en su categor\u00eda tras recorrer 21 kil\u00f3metros. En la misma distancia tambi\u00e9n fue primero en su categor\u00eda Pedro Ortiz.<\/p>\n<p>Estos fueron los protagonistas de nuestra ciudad con mejores ubicaciones en la carrera:<\/p>\n<p>Florencia Hang 11\u00aa general 21k y 1\u00aa en su categor\u00eda (18 a 24)<\/p>\n<p>Valeria Fornaciero 13\u00aa general 21k y 2\u00aa en su categor\u00eda (18 a 24).<\/p>\n<p>Paola Rossi 18\u00aa general 10k y 2\u00aa en su categor\u00eda (30 a 34).<\/p>\n<p>Denise Diaz 20\u00aa general 10k y 3\u00aa en su categoria (30 a 34).<\/p>\n<p>Pedro Ortiz 42\u00ba general 21k y 1\u00ba en su categor\u00eda (55 a 59).<\/p>\n<p>Ignacio Dellasanta 40\u00ba general 10k y 4\u00ba en su categor\u00eda (45 a 49).<\/p>\n<p><img loading=\"lazy\" decoding=\"async\" class=\"alignnone size-medium wp-image-20231\" src=\"http:\/\/todoapulmon-rafaela.com\/wp-content\/uploads\/2019\/12\/Denis-Diaz-Mosquito-300x200.jpg\" alt=\"Denis Diaz Mosquito\" width=\"300\" height=\"200\" srcset=\"https:\/\/todoapulmon-rafaela.com\/wp-content\/uploads\/2019\/12\/Denis-Diaz-Mosquito-300x200.jpg 300w, https:\/\/todoapulmon-rafaela.com\/wp-content\/uploads\/2019\/12\/Denis-Diaz-Mosquito.jpg 959w\" sizes=\"(max-width: 300px) 100vw, 300px\" \/><img loading=\"lazy\" decoding=\"async\" class=\"alignnone size-medium wp-image-20233\" src=\"http:\/\/todoapulmon-rafaela.com\/wp-content\/uploads\/2019\/12\/Ortiz-Mosquito-300x200.jpg\" alt=\"Ortiz Mosquito\" width=\"300\" height=\"200\" srcset=\"https:\/\/todoapulmon-rafaela.com\/wp-content\/uploads\/2019\/12\/Ortiz-Mosquito-300x200.jpg 300w, https:\/\/todoapulmon-rafaela.com\/wp-content\/uploads\/2019\/12\/Ortiz-Mosquito.jpg 959w\" sizes=\"(max-width: 300px) 100vw, 300px\" \/><\/p>\n<p>&nbsp;<\/p>\n","protected":false},"excerpt":{"rendered":"<p>En Monte Vera se desarroll\u00f3 el domingo la \u00faltima fecha del calendario Mosquito Trail, en la que participaron varios representantes<\/p>\n","protected":false},"author":2,"featured_media":20229,"comment_status":"open","ping_status":"open","sticky":false,"template":"","format":"standard","meta":{"footnotes":""},"categories":[7,24],"tags":[],"class_list":["post-20228","post","type-post","status-publish","format-standard","has-post-thumbnail","hentry","category-atletismo","category-noticias-destacadas"],"cc_featured_image_caption":{"caption_text":"Florencia Hang se impuso en 18 a 24 a\u00f1os de 21k (foto Running Time).","source_text":"","source_url":""},"_links":{"self":[{"href":"https:\/\/todoapulmon-rafaela.com\/index.php\/wp-json\/wp\/v2\/posts\/20228"}],"collection":[{"href":"https:\/\/todoapulmon-rafaela.com\/index.php\/wp-json\/wp\/v2\/posts"}],"about":[{"href":"https:\/\/todoapulmon-rafaela.com\/index.php\/wp-json\/wp\/v2\/types\/post"}],"author":[{"embeddable":true,"href":"https:\/\/todoapulmon-rafaela.com\/index.php\/wp-json\/wp\/v2\/users\/2"}],"replies":[{"embeddable":true,"href":"https:\/\/todoapulmon-rafaela.com\/index.php\/wp-json\/wp\/v2\/comments?post=20228"}],"version-history":[{"count":4,"href":"https:\/\/todoapulmon-rafaela.com\/index.php\/wp-json\/wp\/v2\/posts\/20228\/revisions"}],"predecessor-version":[{"id":20237,"href":"https:\/\/todoapulmon-rafaela.com\/index.php\/wp-json\/wp\/v2\/posts\/20228\/revisions\/20237"}],"wp:featuredmedia":[{"embeddable":true,"href":"https:\/\/todoapulmon-rafaela.com\/index.php\/wp-json\/wp\/v2\/media\/20229"}],"wp:attachment":[{"href":"https:\/\/todoapulmon-rafaela.com\/index.php\/wp-json\/wp\/v2\/media?parent=20228"}],"wp:term":[{"taxonomy":"category","embeddable":true,"href":"https:\/\/todoapulmon-rafaela.com\/index.php\/wp-json\/wp\/v2\/categories?post=20228"},{"taxonomy":"post_tag","embeddable":true,"href":"https:\/\/todoapulmon-rafaela.com\/index.php\/wp-json\/wp\/v2\/tags?post=20228"}],"curies":[{"name":"wp","href":"https:\/\/api.w.org\/{rel}","templated":true}]}}