{"id":20161,"date":"2019-12-19T23:59:08","date_gmt":"2019-12-19T23:59:08","guid":{"rendered":"http:\/\/todoapulmon-rafaela.com\/?p=20161"},"modified":"2019-12-20T00:00:02","modified_gmt":"2019-12-20T00:00:02","slug":"el-hockey-de-9-de-julio-y-las-sensaciones-de-felicidad","status":"publish","type":"post","link":"https:\/\/todoapulmon-rafaela.com\/index.php\/2019\/12\/19\/el-hockey-de-9-de-julio-y-las-sensaciones-de-felicidad\/","title":{"rendered":"El hockey de 9 de Julio y las sensaciones de felicidad"},"content":{"rendered":"<p>Este jueves dialogamos con protagonistas del hockey de 9 de Julio, que cerr\u00f3 un gran a\u00f1o en los torneos de la Federaci\u00f3n del Oeste Santafesino.<\/p>\n<p>\u00abFue un a\u00f1o muy bueno, con resultados muy positivos. Mucho trabajo, sacrificio y compromiso de las jugadoras, logramos el bicampeonato en Copa Challenger de primera divisi\u00f3n y Sub 16; obtuvimos el campeonato de reserva en zona regular, logramos estar dentro de los tres primeros en Sub 13, asi que un a\u00f1o muy positivo\u00bb, destac\u00f3 a modo de balance el entrenador Miguel Dominino.<\/p>\n<p>Champy tambi\u00e9n valor\u00f3 que \u00aben\u00a0caballeros logramos estar entre los tres mejores. Tuvimos el segundo puesto en la Copa Challenger contra Villa Mar\u00eda, consiguiendo una mejor\u00eda importante en relaci\u00f3n a 2018\u00bb.<\/p>\n<p>En lo personal, estas conquistas fueron un lindo regalo a los 30 a\u00f1os de trayectoria como entrenador de hockey que cumpli\u00f3 hace un par de meses. \u00abCumplir\u00a030 a\u00f1os de hockey es muy lindo. Lo hablaba con la gente de 9 de Julio como en Alma Juniors de Esperanza, donde tambi\u00e9n trabajo, es algo hermoso. Todo el d\u00eda seguimos aprendiendo, yo creo que cambi\u00f3 much\u00edsimo el hockey y he cambiado yo tambi\u00e9n en estos 30 a\u00f1os como entrenador. La verdad que dia a d\u00eda lo disfrutamos mucho m\u00e1s a esta pasi\u00f3n\u00bb, reconoci\u00f3 el DT.<\/p>\n<p>JUGADORAS<\/p>\n<p>Milena Zorrilla es una de las juveniles que tuvo mayor participaci\u00f3n en primera. \u00abFue un a\u00f1o muy lindo ya que como grupo hab\u00edamos decidido no bajar la vara, seguir subiendo, sumar entrenamiento, m\u00e1s chicas y poder mejorar. Grupalmente fue muy lindo porque la vivimos desde el Sub 16 en nuestro \u00faltimo a\u00f1o, para apoyar a las chicas, y en primera tambi\u00e9n ayudando en todo lo que se pueda\u00bb.<\/p>\n<p>Por su parte,\u00a0Camila Rodriguez se sum\u00f3 esta temporada y paulatinamente fue sumando protagonismo. \u00abFue el primer a\u00f1o en el club, muy lindo. Mucha competencia y compa\u00f1erismo en todo el grupo, me gust\u00f3 y espero seguir mejorando para el a\u00f1o que viene\u00bb, destac\u00f3.<\/p>\n<p>En cuanto a las m\u00e1s chicas, Joselina Lozer manifest\u00f3 que \u00bb logramos muchas cosas, sobre todo con m\u00e1s participaci\u00f3n\u00bb, mientras que Lula Marchetti manifest\u00f3 que \u00abcontentas por como lo vivimos a este a\u00f1o, fuimos al Regional de Sub 13 y con el club nos fue muy bien tanto en Sub 13 como en Sub 16\u00bb.<\/p>\n<p>MASCULINO<\/p>\n<p>Agust\u00edn Nava, el arquero del equipo masculino, se mostr\u00f3 satisfecho. \u00abGracias a Dios fue un a\u00f1o muy lindo donde pudimos consolidar el grupo de caballeros de tres a\u00f1os, sumando inclusive algunos nuevos en esta temporada. Se mantuvo y mejor\u00f3 el rendimiento, lo coronamos &#8216;tristemente&#8217; con un subcampeonato mas all\u00e1 que era esperable porque el equipo de Villa Mar\u00eda era duro, pero como se dio el partido donde los dos primeros cuartos fuimos ganando, qued\u00f3 un poco esa sensaci\u00f3n. Pero haberle jugado de igual a igual nos da la muestra que hemos evolucionado y en cierta manera lo terminamos cerrando bien, as\u00ed que contento por lo que fue 2019\u00bb.<\/p>\n<p>Pensando un poco en 2020, ya miran el Regional de Clubes. \u00abEs la idea, no es f\u00e1cil. Nos toca enfrentar rivales de buen nivel y trayectoria mas larga, por ahi con otra infraestructura, pero venimos laburando bien y ojal\u00e1 la segunda experiencia sea mejor\u00bb.<\/p>\n","protected":false},"excerpt":{"rendered":"<p>Este jueves dialogamos con protagonistas del hockey de 9 de Julio, que cerr\u00f3 un gran a\u00f1o en los torneos de<\/p>\n","protected":false},"author":2,"featured_media":20162,"comment_status":"open","ping_status":"open","sticky":false,"template":"","format":"standard","meta":{"footnotes":""},"categories":[3,24],"tags":[],"class_list":["post-20161","post","type-post","status-publish","format-standard","has-post-thumbnail","hentry","category-hockey","category-noticias-destacadas"],"cc_featured_image_caption":{"caption_text":"Champy Dominino, Milena Zorrilla, Camila Rodriguez, Joselina Lozer, Lula Marchetti y Agust\u00edn Nava.","source_text":"","source_url":""},"_links":{"self":[{"href":"https:\/\/todoapulmon-rafaela.com\/index.php\/wp-json\/wp\/v2\/posts\/20161"}],"collection":[{"href":"https:\/\/todoapulmon-rafaela.com\/index.php\/wp-json\/wp\/v2\/posts"}],"about":[{"href":"https:\/\/todoapulmon-rafaela.com\/index.php\/wp-json\/wp\/v2\/types\/post"}],"author":[{"embeddable":true,"href":"https:\/\/todoapulmon-rafaela.com\/index.php\/wp-json\/wp\/v2\/users\/2"}],"replies":[{"embeddable":true,"href":"https:\/\/todoapulmon-rafaela.com\/index.php\/wp-json\/wp\/v2\/comments?post=20161"}],"version-history":[{"count":1,"href":"https:\/\/todoapulmon-rafaela.com\/index.php\/wp-json\/wp\/v2\/posts\/20161\/revisions"}],"predecessor-version":[{"id":20163,"href":"https:\/\/todoapulmon-rafaela.com\/index.php\/wp-json\/wp\/v2\/posts\/20161\/revisions\/20163"}],"wp:featuredmedia":[{"embeddable":true,"href":"https:\/\/todoapulmon-rafaela.com\/index.php\/wp-json\/wp\/v2\/media\/20162"}],"wp:attachment":[{"href":"https:\/\/todoapulmon-rafaela.com\/index.php\/wp-json\/wp\/v2\/media?parent=20161"}],"wp:term":[{"taxonomy":"category","embeddable":true,"href":"https:\/\/todoapulmon-rafaela.com\/index.php\/wp-json\/wp\/v2\/categories?post=20161"},{"taxonomy":"post_tag","embeddable":true,"href":"https:\/\/todoapulmon-rafaela.com\/index.php\/wp-json\/wp\/v2\/tags?post=20161"}],"curies":[{"name":"wp","href":"https:\/\/api.w.org\/{rel}","templated":true}]}}