{"id":20094,"date":"2019-12-15T13:21:52","date_gmt":"2019-12-15T13:21:52","guid":{"rendered":"http:\/\/todoapulmon-rafaela.com\/?p=20094"},"modified":"2019-12-15T13:21:52","modified_gmt":"2019-12-15T13:21:52","slug":"el-preseleccionado-juvenil-de-la-usr-entreno-en-rafaela","status":"publish","type":"post","link":"https:\/\/todoapulmon-rafaela.com\/index.php\/2019\/12\/15\/el-preseleccionado-juvenil-de-la-usr-entreno-en-rafaela\/","title":{"rendered":"El preseleccionado juvenil de la USR entren\u00f3 en Rafaela"},"content":{"rendered":"<p>En una jornada lluviosa trabaj\u00f3 este s\u00e1bado en las instalaciones del C\u00edrculo Rafaelino, el preseleccionado juvenil de la Uni\u00f3n Santafesina de Rugby en vista al Campeonato Argentino M-18 del a\u00f1o venidero.<br \/>\nEl Head Coach Guillermo Aguilera junto a sus colaboradores, entre ellos el rafaelino Diego Acosta (entrenador de backs) conformaron tres equipos para la realizaci\u00f3n de partidos de pr\u00e1ctica.<br \/>\nDe CRAR fueron convocados y estuvieron presentes: Tiziano Hang (pilar), Pedro Ambort (hoocker), Juan L\u00f3pez (pilar), Jos\u00e9 C\u00e1ceres (segunda l\u00ednea), Pedro Rubiolo (segunda l\u00ednea), Lorenzo Colidio (segunda l\u00ednea), Juan Cruz Karlen (tercera l\u00ednea), Ignacio Sapino (tercera l\u00ednea), Joaqu\u00edn Machado (medio scrum), Jer\u00f3nimo Ribero (wing), Ignacio Torres (wing), Jos\u00e9 Francone (full back), Tom\u00e1s Caballo (centro), Juli\u00e1n Vazquez (apertura) y Samuel Lehmann.<\/p>\n<p>La preparaci\u00f3n rumbo al Argentino tendr\u00e1 ahora la habitual interrupci\u00f3n de fin de a\u00f1o, para retomarse a mediados de enero, cuando se producir\u00e1 el filtro m\u00e1s importante para conformar el plantel definitivo. Santa Fe integrar\u00e1 su grupo de la Zona Campeonato con Cuyo, Tucum\u00e1n y C\u00f3rdoba.<\/p>\n<p><img loading=\"lazy\" decoding=\"async\" class=\"alignnone size-medium wp-image-20096\" src=\"http:\/\/todoapulmon-rafaela.com\/wp-content\/uploads\/2019\/12\/P1370775_resultado-300x225.jpg\" alt=\"P1370775_resultado\" width=\"300\" height=\"225\" srcset=\"https:\/\/todoapulmon-rafaela.com\/wp-content\/uploads\/2019\/12\/P1370775_resultado-300x225.jpg 300w, https:\/\/todoapulmon-rafaela.com\/wp-content\/uploads\/2019\/12\/P1370775_resultado.jpg 1600w\" sizes=\"(max-width: 300px) 100vw, 300px\" \/> <img loading=\"lazy\" decoding=\"async\" class=\"alignnone size-medium wp-image-20097\" src=\"http:\/\/todoapulmon-rafaela.com\/wp-content\/uploads\/2019\/12\/P1370776_resultado-300x225.jpg\" alt=\"P1370776_resultado\" width=\"300\" height=\"225\" srcset=\"https:\/\/todoapulmon-rafaela.com\/wp-content\/uploads\/2019\/12\/P1370776_resultado-300x225.jpg 300w, https:\/\/todoapulmon-rafaela.com\/wp-content\/uploads\/2019\/12\/P1370776_resultado.jpg 1600w\" sizes=\"(max-width: 300px) 100vw, 300px\" \/> <img loading=\"lazy\" decoding=\"async\" class=\"alignnone size-medium wp-image-20098\" src=\"http:\/\/todoapulmon-rafaela.com\/wp-content\/uploads\/2019\/12\/P1370777_resultado-300x225.jpg\" alt=\"P1370777_resultado\" width=\"300\" height=\"225\" srcset=\"https:\/\/todoapulmon-rafaela.com\/wp-content\/uploads\/2019\/12\/P1370777_resultado-300x225.jpg 300w, https:\/\/todoapulmon-rafaela.com\/wp-content\/uploads\/2019\/12\/P1370777_resultado.jpg 1600w\" sizes=\"(max-width: 300px) 100vw, 300px\" \/> <img loading=\"lazy\" decoding=\"async\" class=\"alignnone size-medium wp-image-20099\" src=\"http:\/\/todoapulmon-rafaela.com\/wp-content\/uploads\/2019\/12\/P1370778_resultado-300x225.jpg\" alt=\"P1370778_resultado\" width=\"300\" height=\"225\" srcset=\"https:\/\/todoapulmon-rafaela.com\/wp-content\/uploads\/2019\/12\/P1370778_resultado-300x225.jpg 300w, https:\/\/todoapulmon-rafaela.com\/wp-content\/uploads\/2019\/12\/P1370778_resultado.jpg 1600w\" sizes=\"(max-width: 300px) 100vw, 300px\" \/> <img loading=\"lazy\" decoding=\"async\" class=\"alignnone size-medium wp-image-20100\" src=\"http:\/\/todoapulmon-rafaela.com\/wp-content\/uploads\/2019\/12\/P1370779_resultado-300x225.jpg\" alt=\"P1370779_resultado\" width=\"300\" height=\"225\" srcset=\"https:\/\/todoapulmon-rafaela.com\/wp-content\/uploads\/2019\/12\/P1370779_resultado-300x225.jpg 300w, https:\/\/todoapulmon-rafaela.com\/wp-content\/uploads\/2019\/12\/P1370779_resultado.jpg 1600w\" sizes=\"(max-width: 300px) 100vw, 300px\" \/><\/p>\n","protected":false},"excerpt":{"rendered":"<p>En una jornada lluviosa trabaj\u00f3 este s\u00e1bado en las instalaciones del C\u00edrculo Rafaelino, el preseleccionado juvenil de la Uni\u00f3n Santafesina<\/p>\n","protected":false},"author":2,"featured_media":20095,"comment_status":"open","ping_status":"open","sticky":false,"template":"","format":"standard","meta":{"footnotes":""},"categories":[24,2],"tags":[],"class_list":["post-20094","post","type-post","status-publish","format-standard","has-post-thumbnail","hentry","category-noticias-destacadas","category-rugby"],"cc_featured_image_caption":{"caption_text":"","source_text":"","source_url":""},"_links":{"self":[{"href":"https:\/\/todoapulmon-rafaela.com\/index.php\/wp-json\/wp\/v2\/posts\/20094"}],"collection":[{"href":"https:\/\/todoapulmon-rafaela.com\/index.php\/wp-json\/wp\/v2\/posts"}],"about":[{"href":"https:\/\/todoapulmon-rafaela.com\/index.php\/wp-json\/wp\/v2\/types\/post"}],"author":[{"embeddable":true,"href":"https:\/\/todoapulmon-rafaela.com\/index.php\/wp-json\/wp\/v2\/users\/2"}],"replies":[{"embeddable":true,"href":"https:\/\/todoapulmon-rafaela.com\/index.php\/wp-json\/wp\/v2\/comments?post=20094"}],"version-history":[{"count":1,"href":"https:\/\/todoapulmon-rafaela.com\/index.php\/wp-json\/wp\/v2\/posts\/20094\/revisions"}],"predecessor-version":[{"id":20101,"href":"https:\/\/todoapulmon-rafaela.com\/index.php\/wp-json\/wp\/v2\/posts\/20094\/revisions\/20101"}],"wp:featuredmedia":[{"embeddable":true,"href":"https:\/\/todoapulmon-rafaela.com\/index.php\/wp-json\/wp\/v2\/media\/20095"}],"wp:attachment":[{"href":"https:\/\/todoapulmon-rafaela.com\/index.php\/wp-json\/wp\/v2\/media?parent=20094"}],"wp:term":[{"taxonomy":"category","embeddable":true,"href":"https:\/\/todoapulmon-rafaela.com\/index.php\/wp-json\/wp\/v2\/categories?post=20094"},{"taxonomy":"post_tag","embeddable":true,"href":"https:\/\/todoapulmon-rafaela.com\/index.php\/wp-json\/wp\/v2\/tags?post=20094"}],"curies":[{"name":"wp","href":"https:\/\/api.w.org\/{rel}","templated":true}]}}