{"id":20090,"date":"2019-12-14T18:39:19","date_gmt":"2019-12-14T18:39:19","guid":{"rendered":"http:\/\/todoapulmon-rafaela.com\/?p=20090"},"modified":"2019-12-14T18:43:08","modified_gmt":"2019-12-14T18:43:08","slug":"santa-fe-no-apoyo-a-borro-santa-fe-armo-esto","status":"publish","type":"post","link":"https:\/\/todoapulmon-rafaela.com\/index.php\/2019\/12\/14\/santa-fe-no-apoyo-a-borro-santa-fe-armo-esto\/","title":{"rendered":"\u00abSanta Fe en realidad no apoy\u00f3 a Borro, Santa Fe arm\u00f3 esto\u00bb"},"content":{"rendered":"<p>Finalmente no hubo elecciones en la Confederaci\u00f3n Argentina de B\u00e1squetbol, pero s\u00ed habr\u00e1 un recambio de autoridades. Durante las \u00faltimas dos semanas fue muy expuesto un cierto nivel de confrontaci\u00f3n entre Federico Susbielles y Fabi\u00e1n Borro, hasta que finalmente el jueves el oficialismo no pudo llegar al n\u00famero de delegados requerido como avales.<\/p>\n<p>En ese momento, se conocieron las Federaciones que apoyaban a una u otra lista. Santa Fe estuvo alineado con la oposici\u00f3n y por tal motivo nos pareci\u00f3 esclarecedor consultarno a Luis Silvano. El referente dirigencial del b\u00e1squet local y vicepresidente de la Federaci\u00f3n Santafesina expuso una situaci\u00f3n que pocos conoc\u00edan:<\/p>\n<p>\u00abSanta Fe en realidad no apoy\u00f3 a Borro, Santa Fe arm\u00f3 esto, hace un a\u00f1o en un torneo Argentino Femenino en Concepci\u00f3n del Uruguay cuando se juntaron por el malestar hacia la conducci\u00f3n de la CABB, Entre R\u00edos, Santa Fe, Buenos Aires, Mendoza, s\u00f3lo falt\u00f3 C\u00f3rdoba de las provincias grandes\u00bb, mencion\u00f3 sobre el origen de lo que ser\u00eda el movimiento opositor.<\/p>\n<p>Continu\u00f3 explicando que \u00abcuando se enter\u00f3 Borro, por Capital, se acerc\u00f3 a escucharnos. Y coincidimos en todas las deficiencias que estaba teniendo la CABB. No es que Borro arm\u00f3 algo y luego todo el mundo se acopl\u00f3, es algo bastante m\u00e1s \u00edntegro de lo que parece. Lo que pasa es que estamos en un pa\u00eds donde parece una pelea unipersonal, Borro contra Susbielles. Y como que Borro tiene una figura mas p\u00fablica da la sensaci\u00f3n que arm\u00f3 esto\u00bb.<\/p>\n<p>Silvano destac\u00f3 que \u00abSanta Fe viene siendo muy cr\u00edtico, creo que de hecho es uno de los mas cr\u00edticos hacia la Confederaci\u00f3n, no s\u00e9 si todo el mundo lo sabe. Santa Fe fue una de las provincias que no aprob\u00f3 el balance de la CABB 2018, porque no nos permitieron ni siquiera tener acceso a los gastos cuando consultamos\u00bb.<\/p>\n<p>En un an\u00e1lisis m\u00e1s personal, expres\u00f3 que \u00abtodo el mundo opina sin saber o conociendo una sola parte. Yo no voy a decir que todo lo que hace la CABB est\u00e1 mal, porque uno acepta y entiende que hay un proyecto deportivo que con algunas deficiencias empuja para ir para arriba, pero tampoco voy a decir que porque salimos subcampeones del mundo estamos todos bien\u00bb.<\/p>\n<p>Y sobre esto \u00faltimo, ejemplific\u00f3 que \u00abno s\u00e9 si los jugadores de la Generaci\u00f3n Dorada saben lo que es un Argentino de U13, si los chicos comen bien, o que pasa en un Argentino de Clubes cuando se presentan con licitaciones, si luego se cumplen. Son cosas que se saben poco\u00a0porque no se difunde mucho, ya que interesa sobre todo la selecci\u00f3n o los jugadores\u00bb.<\/p>\n<p>En cuanto a las negociaciones finales de la oposici\u00f3n, apunt\u00f3 tras reiterar que \u00abel proyecto se fue armando desde hace un a\u00f1o entre todas las cosas que ve\u00edamos mal de la CABB\u00bb, que \u00abhace 15 d\u00edas cuando hubo que definir los cargos, surgieron tres propuestas de presidenciables y se termin\u00f3 definiendo por Borro, porque a\u00fan con las diferencias que se han dado por la AdC, reconocemos que la Federaci\u00f3n de Capital ha crecido mucho a partir de una muy buena gesti\u00f3n de \u00e9l\u00bb.<\/p>\n<p>En el tramo final de su an\u00e1lisis, se\u00f1al\u00f3 que \u00abseguramente habr\u00e1 cr\u00edticas y debates una vez que se tome el gobierno de la CABB, como aparenta todo. El basquet federativo estaba siendo menospreciado y por eso se buscaba un cambio\u00bb.<\/p>\n","protected":false},"excerpt":{"rendered":"<p>Finalmente no hubo elecciones en la Confederaci\u00f3n Argentina de B\u00e1squetbol, pero s\u00ed habr\u00e1 un recambio de autoridades. Durante las \u00faltimas<\/p>\n","protected":false},"author":2,"featured_media":20091,"comment_status":"open","ping_status":"open","sticky":false,"template":"","format":"standard","meta":{"footnotes":""},"categories":[5,24],"tags":[],"class_list":["post-20090","post","type-post","status-publish","format-standard","has-post-thumbnail","hentry","category-basquet","category-noticias-destacadas"],"cc_featured_image_caption":{"caption_text":"Luis Silvano explic\u00f3 c\u00f3mo Santa Fe fue una de las provincias importantes en el movimiento opositor a la conducci\u00f3n de la CABB.","source_text":"","source_url":""},"_links":{"self":[{"href":"https:\/\/todoapulmon-rafaela.com\/index.php\/wp-json\/wp\/v2\/posts\/20090"}],"collection":[{"href":"https:\/\/todoapulmon-rafaela.com\/index.php\/wp-json\/wp\/v2\/posts"}],"about":[{"href":"https:\/\/todoapulmon-rafaela.com\/index.php\/wp-json\/wp\/v2\/types\/post"}],"author":[{"embeddable":true,"href":"https:\/\/todoapulmon-rafaela.com\/index.php\/wp-json\/wp\/v2\/users\/2"}],"replies":[{"embeddable":true,"href":"https:\/\/todoapulmon-rafaela.com\/index.php\/wp-json\/wp\/v2\/comments?post=20090"}],"version-history":[{"count":2,"href":"https:\/\/todoapulmon-rafaela.com\/index.php\/wp-json\/wp\/v2\/posts\/20090\/revisions"}],"predecessor-version":[{"id":20093,"href":"https:\/\/todoapulmon-rafaela.com\/index.php\/wp-json\/wp\/v2\/posts\/20090\/revisions\/20093"}],"wp:featuredmedia":[{"embeddable":true,"href":"https:\/\/todoapulmon-rafaela.com\/index.php\/wp-json\/wp\/v2\/media\/20091"}],"wp:attachment":[{"href":"https:\/\/todoapulmon-rafaela.com\/index.php\/wp-json\/wp\/v2\/media?parent=20090"}],"wp:term":[{"taxonomy":"category","embeddable":true,"href":"https:\/\/todoapulmon-rafaela.com\/index.php\/wp-json\/wp\/v2\/categories?post=20090"},{"taxonomy":"post_tag","embeddable":true,"href":"https:\/\/todoapulmon-rafaela.com\/index.php\/wp-json\/wp\/v2\/tags?post=20090"}],"curies":[{"name":"wp","href":"https:\/\/api.w.org\/{rel}","templated":true}]}}