{"id":20075,"date":"2019-12-13T17:17:25","date_gmt":"2019-12-13T17:17:25","guid":{"rendered":"http:\/\/todoapulmon-rafaela.com\/?p=20075"},"modified":"2019-12-13T17:17:25","modified_gmt":"2019-12-13T17:17:25","slug":"jaguares-y-mayco-vivas-en-tiempo-de-presentaciones","status":"publish","type":"post","link":"https:\/\/todoapulmon-rafaela.com\/index.php\/2019\/12\/13\/jaguares-y-mayco-vivas-en-tiempo-de-presentaciones\/","title":{"rendered":"Jaguares y Mayco Vivas en tiempo de presentaciones"},"content":{"rendered":"<p class=\"capital\">Uni\u00f3n Argentina de Rugby inaugur\u00f3 oficialmente\u00a0<b>Casa Jaguares<\/b>, el nuevo centro de alto rendimiento<a class=\"link\" href=\"https:\/\/www.lanacion.com.ar\/deportes\/rugby\/el-sueno-cumplido-casa-propia-paso-mas-nid2309001\">,<\/a>\u00a0ubicado en la localidad de\u00a0<b>Ingeniero Maschwitz<\/b>, pensado para la preparaci\u00f3n de\u00a0<b>Los Pumas<\/b>\u00a0y\u00a0<b>Jaguares<\/b>. A su vez, tambi\u00e9n se presentaron las camisetas titulares y alternativas que la franquicia argentina utilizar\u00e1 para el\u00a0<b>Super Rugby 2020<\/b>.<\/p>\n<p>L\u00f3gicamente, Gonzalo Quesada, su staff y los 41 jugadores, entre ellos el rafaelino Mayco Vivas, que integran el plantel fueron las grandes estrellas en la presentaci\u00f3n de la nueva camiseta de Jaguares. Guido Petti, Bautista Delguy, Santiago Carreras, Domingo Miotti, Emiliano Boffelli y Gonzalo Bertranou fueron los encargados de lucir la indumentaria.<\/p>\n<p>\u00abEl dise\u00f1o de la camiseta est\u00e1 enmarcado bajo el lema \u00abHambre de futuro\u00bb, pensado por el deseo intenso y la ambici\u00f3n de gloria, lo que empuja a este equipo hacia adelante. Est\u00e1 inspirado en las sombras de la jungla, el lugar desde donde el jaguar acecha y embosca a su presa con una velocidad y precisi\u00f3n letal. Su tonalidad en azul oscuro y negro toman el papel del juego de sombras. Con colores luminosos, la camiseta alternativa se destacar\u00e1 en el campo de los oponentes y simbolizar\u00e1 el momento en el que el jaguar sale por la noche para cazar\u00bb, explicaron.<\/p>\n<p>Por otro lado, despu\u00e9s de entrenarse durante sus tres primeros a\u00f1os de existencia en Buenos Aires Cricket &amp; Rugby Club y de hacerlo en 2019 en Newman, Jaguares cuenta ahora con su propio espacio. Un predio de poco menos de cuatro hect\u00e1reas que est\u00e1 acondicionado para todas las necesidades propias de un equipo hiperprofesional de alto rendimiento.<\/p>\n<p>El complejo cuenta con una cancha con las mismas dimensiones que la de V\u00e9lez (donde el equipo volver\u00e1 a ser local); una media cancha para destrezas, ejercicios f\u00edsicos y formaciones fijas; un gimnasio de \u00faltima generaci\u00f3n; tres vestuarios; una tribuna para 100 espectadores; una pileta de rehabilitaci\u00f3n de agua fr\u00eda y otra climatizada; un auditorio; una sala de estudio con capacidad para 50 personas sentadas; tres oficinas; una sala de fisioterapia para atenci\u00f3n a 10 personas en simult\u00e1neo; dos consultorios m\u00e9dicos, y habitaciones con 20 camas, entre otras comodidades.<\/p>\n<p>\u00abTenemos todas las comodidades en este lugar que es algo que siempre quisimos. Hoy estamos ac\u00e1 gracias al esfuerzo de la UAR y el apoyo de los sponsors. Estamos muy felices de poder entrenarnos de la mejor manera\u00bb, remarc\u00f3 el jugador Jer\u00f3nimo de la Fuente.<\/p>\n<p>Jaguares est\u00e1 realizando la pretemporada en Casa Jaguares hasta el lunes 23 de diciembre. Tras un breve descanso, el plantel retomar\u00e1 los entrenamientos el jueves 2 de enero de 2020 y dar\u00e1 inicio a la etapa final de la preparaci\u00f3n para el Super Rugby.<\/p>\n<section id=\"cuerpo\">Entre el 5 y el 10 de enero el plantel viajar\u00e1 a Tandil para intensificar los entrenamientos, para luego afrontar una serie de dos partidos amistosos ante Georgia XV. El primero de estos partidos se disputar\u00e1 el viernes 17 de enero en el estadio Jos\u00e9 Mar\u00eda Minella de la ciudad de Mar del Plata, en tanto que la sede del segundo encuentro, programado para el viernes 24 de enero, ser\u00e1 confirmada en los pr\u00f3ximos d\u00edas.<\/p>\n<p>El debut oficial para el equipo de Gonzalo Quesada ser\u00e1 el s\u00e1bado 1 de febrero ante Lions, en el estadio de V\u00e9lez, entidad con la que recientemente se lleg\u00f3 a un acuerdo por el alquiler del Jos\u00e9 Amalfitani hasta diciembre.<\/p>\n<figure id=\"attachment_20077\" aria-describedby=\"caption-attachment-20077\" style=\"width: 300px\" class=\"wp-caption alignnone\"><img loading=\"lazy\" decoding=\"async\" class=\"size-medium wp-image-20077\" src=\"http:\/\/todoapulmon-rafaela.com\/wp-content\/uploads\/2019\/12\/nueva-camiseta-jaguares-300x200.jpg\" alt=\"Una de las nuevas camisetas (foto La Naci\u00f3n).\" width=\"300\" height=\"200\" srcset=\"https:\/\/todoapulmon-rafaela.com\/wp-content\/uploads\/2019\/12\/nueva-camiseta-jaguares-300x200.jpg 300w, https:\/\/todoapulmon-rafaela.com\/wp-content\/uploads\/2019\/12\/nueva-camiseta-jaguares.jpg 1154w\" sizes=\"(max-width: 300px) 100vw, 300px\" \/><figcaption id=\"caption-attachment-20077\" class=\"wp-caption-text\">Una de las nuevas camisetas (foto La Naci\u00f3n).<\/figcaption><\/figure>\n<p>Fuente: diario La Naci\u00f3n.<\/p>\n<p>&nbsp;<\/p>\n<\/section>\n","protected":false},"excerpt":{"rendered":"<p>Uni\u00f3n Argentina de Rugby inaugur\u00f3 oficialmente\u00a0Casa Jaguares, el nuevo centro de alto rendimiento,\u00a0ubicado en la localidad de\u00a0Ingeniero Maschwitz, pensado para<\/p>\n","protected":false},"author":2,"featured_media":20076,"comment_status":"open","ping_status":"open","sticky":false,"template":"","format":"standard","meta":{"footnotes":""},"categories":[24,2],"tags":[],"class_list":["post-20075","post","type-post","status-publish","format-standard","has-post-thumbnail","hentry","category-noticias-destacadas","category-rugby"],"cc_featured_image_caption":{"caption_text":"Mayco Vivas y algunos compa\u00f1eros en la presentaci\u00f3n de Casa Jaguares (foto twitter Jaguares).","source_text":"","source_url":""},"_links":{"self":[{"href":"https:\/\/todoapulmon-rafaela.com\/index.php\/wp-json\/wp\/v2\/posts\/20075"}],"collection":[{"href":"https:\/\/todoapulmon-rafaela.com\/index.php\/wp-json\/wp\/v2\/posts"}],"about":[{"href":"https:\/\/todoapulmon-rafaela.com\/index.php\/wp-json\/wp\/v2\/types\/post"}],"author":[{"embeddable":true,"href":"https:\/\/todoapulmon-rafaela.com\/index.php\/wp-json\/wp\/v2\/users\/2"}],"replies":[{"embeddable":true,"href":"https:\/\/todoapulmon-rafaela.com\/index.php\/wp-json\/wp\/v2\/comments?post=20075"}],"version-history":[{"count":1,"href":"https:\/\/todoapulmon-rafaela.com\/index.php\/wp-json\/wp\/v2\/posts\/20075\/revisions"}],"predecessor-version":[{"id":20078,"href":"https:\/\/todoapulmon-rafaela.com\/index.php\/wp-json\/wp\/v2\/posts\/20075\/revisions\/20078"}],"wp:featuredmedia":[{"embeddable":true,"href":"https:\/\/todoapulmon-rafaela.com\/index.php\/wp-json\/wp\/v2\/media\/20076"}],"wp:attachment":[{"href":"https:\/\/todoapulmon-rafaela.com\/index.php\/wp-json\/wp\/v2\/media?parent=20075"}],"wp:term":[{"taxonomy":"category","embeddable":true,"href":"https:\/\/todoapulmon-rafaela.com\/index.php\/wp-json\/wp\/v2\/categories?post=20075"},{"taxonomy":"post_tag","embeddable":true,"href":"https:\/\/todoapulmon-rafaela.com\/index.php\/wp-json\/wp\/v2\/tags?post=20075"}],"curies":[{"name":"wp","href":"https:\/\/api.w.org\/{rel}","templated":true}]}}