{"id":20055,"date":"2019-12-10T17:19:39","date_gmt":"2019-12-10T17:19:39","guid":{"rendered":"http:\/\/todoapulmon-rafaela.com\/?p=20055"},"modified":"2019-12-10T21:30:49","modified_gmt":"2019-12-10T21:30:49","slug":"las-sensaciones-de-felicidad-de-tomas-y-araceli-mondino","status":"publish","type":"post","link":"https:\/\/todoapulmon-rafaela.com\/index.php\/2019\/12\/10\/las-sensaciones-de-felicidad-de-tomas-y-araceli-mondino\/","title":{"rendered":"Las sensaciones de felicidad de Tom\u00e1s y Araceli Mondino"},"content":{"rendered":"<p>En la ma\u00f1ana de este martes la familia Mondino ofreci\u00f3 un desayuno a medios de prensa locales como reconocimiento al acompa\u00f1amiento para Tom\u00e1s y Araceli, a lo largo de este exitoso 2019 para los atletas rafaelinos.<\/p>\n<p>La oportunidad fue propicia para dialogar con ambos y en cuanto a lo m\u00e1s cercano, l\u00f3gicamente la satisfacci\u00f3n de Tomy por su gran Sudamericano Escolar en Paraguay, donde fue campe\u00f3n en 80 y 150 metros llanos, sigue aflorando como es natural.<\/p>\n<p>Durante el encuentro en Cyrano, estuvo presente acompa\u00f1ando al atleta de selecci\u00f3n tambi\u00e9n el Director de la Escuela T\u00e9cnica, Jorge Bonfietti, ya que cabe recordar que al ser una competencia Escolar represent\u00f3 a la EET. \u00abEstoy agradecido por la invitaci\u00f3n y orgulloso por como nos ha representado Tom\u00e1s, ya que adem\u00e1s es un muy buen alumno\u00bb, destac\u00f3.<\/p>\n<p><img loading=\"lazy\" decoding=\"async\" class=\"alignnone size-medium wp-image-20058\" src=\"http:\/\/todoapulmon-rafaela.com\/wp-content\/uploads\/2019\/12\/P1370734_resultado-300x297.jpg\" alt=\"P1370734_resultado\" width=\"300\" height=\"297\" srcset=\"https:\/\/todoapulmon-rafaela.com\/wp-content\/uploads\/2019\/12\/P1370734_resultado-300x297.jpg 300w, https:\/\/todoapulmon-rafaela.com\/wp-content\/uploads\/2019\/12\/P1370734_resultado-150x150.jpg 150w, https:\/\/todoapulmon-rafaela.com\/wp-content\/uploads\/2019\/12\/P1370734_resultado.jpg 1212w\" sizes=\"(max-width: 300px) 100vw, 300px\" \/><\/p>\n<p>Tras las primeras palabras de satisfacci\u00f3n y agradecimiento de Ceferino Mondino, tambi\u00e9n expuso su orgullo por el presente de los chicos mam\u00e1 Silvina,\u00a0 para posteriormente comenzar con la palabra de los deportistas.<\/p>\n<p>\u00abMe dejaron siempre salir y orgulloso de haber competido, y representado a la Escuela en todas las instancias. Empec\u00e9 este a\u00f1o con el objetivo del Sudamericano y lo pudimos lograr. La pretemporada arranc\u00f3 en enero junto con mi hermana, entrenando con mi pap\u00e1. El calor era mucho, pero vali\u00f3 el sacrificio. Fuimos pasando torneos como los Santa Fe Juega, los Evita, los Provinciales, los Juegos del Centro. Los Evita permitieron a trav\u00e9s de las dos medallas de oro y marcas, quedar entre los 20 atletas seleccionados para el Sudamericano\u00bb, fue resumiendo la exitosa temporada Tomy.<\/p>\n<p><img loading=\"lazy\" decoding=\"async\" class=\"alignnone size-medium wp-image-20060\" src=\"http:\/\/todoapulmon-rafaela.com\/wp-content\/uploads\/2019\/12\/P1370732_resultado-300x270.jpg\" alt=\"P1370732_resultado\" width=\"300\" height=\"270\" srcset=\"https:\/\/todoapulmon-rafaela.com\/wp-content\/uploads\/2019\/12\/P1370732_resultado-300x270.jpg 300w, https:\/\/todoapulmon-rafaela.com\/wp-content\/uploads\/2019\/12\/P1370732_resultado.jpg 1335w\" sizes=\"(max-width: 300px) 100vw, 300px\" \/><\/p>\n<p>Sobre lo vivido en Paraguay, puntualiz\u00f3 que \u00abfeliz\u00a0 por lo que hicimos con mi compa\u00f1ero Mat\u00edas Castro, salir primero y segundo en las pruebas de velocidad\u00bb, y consultado sobre la experiencia que ten\u00eda del a\u00f1o pasado en Per\u00fa, respondi\u00f3 que \u00absirvi\u00f3 mucho, este a\u00f1o no estaba tan asustado. Bajamos las pulsaciones, conoc\u00e9s mucha mas gente, est\u00e1s mas aliviado\u00bb.<\/p>\n<p>Recordemos que Mondino no hab\u00eda competido en el Nacional U16 de C\u00f3rdoba para Federados por una molestia y que reci\u00e9n volvi\u00f3 a correr en Paraguay. \u00abEstaba medio asustado en la primera carrera, porque no hab\u00edamos competido despu\u00e9s de la lesi\u00f3n. Pero en la serie ya salieron bien los resultados y nos dio tranquilidad\u00bb, manifest\u00f3.<\/p>\n<p>Sobre la evoluci\u00f3n de este a\u00f1o en lo personal, apunt\u00f3 que \u00abmi fuerte era antes pasando la mitad de la carrera, pero ahora con las mejor\u00edas trabajadas durante el a\u00f1o mi fuerte estar\u00eda siendo el taco, y pasando la mitad de la carrera el sprint final\u00bb.<\/p>\n<p>ARACELI<\/p>\n<p>Por su parte, Ara en su raconto de 2019 manifest\u00f3 que \u00abarranqu\u00e9 con Santa Fe Juega pasando todas las instancias, pude ganar las provinciales y en octubre en Mar del Plata tuve una muy buena competencia bajando mi marca personal, como tambi\u00e9n en C\u00f3rdoba en el Nacional de Federados\u00bb.<\/p>\n<p>Valor\u00f3 que \u00ablo bueno de este a\u00f1o es que pude competir con chicas de muy buen nivel y eso me permiti\u00f3 bajar mi marca personal y los 15 segundos en los 100 metros con vallas, que era mi principal objetivo\u00bb.<\/p>\n<p>En cuanto a su evoluci\u00f3n como deportista, mencion\u00f3 que \u00ablas sensaciones de nervios ya las puedo manejar, estoy m\u00e1s acostumbrada. Este a\u00f1o pude mejorar mucho m\u00e1s la partida\u00bb.<\/p>\n<p>Pensando en 2020, destac\u00f3 que \u00abel a\u00f1o que viene mi objetivo van a ser 100 y 400 con vallas, y\u00a0ganar un lugar para el Sudamericano que se va a hacer en Paraguay\u00bb.<\/p>\n<p>Los hermanos coincidieron en que \u00abemociona m\u00e1s que se puedan lograr estos resultados pese a que nos falta algo importante para la preparaci\u00f3n, como es la pista\u00bb.<\/p>\n<p>Finalmente, Ceferino destac\u00f3 el agradecimiento al Club Ciclista de Rafaela, CRAR y Atl\u00e9tico por permitir distintas \u00e1reas de sus instalaciones para el entrenamiento de los chicos.<\/p>\n","protected":false},"excerpt":{"rendered":"<p>En la ma\u00f1ana de este martes la familia Mondino ofreci\u00f3 un desayuno a medios de prensa locales como reconocimiento al<\/p>\n","protected":false},"author":2,"featured_media":20056,"comment_status":"open","ping_status":"open","sticky":false,"template":"","format":"standard","meta":{"footnotes":""},"categories":[7,24],"tags":[],"class_list":["post-20055","post","type-post","status-publish","format-standard","has-post-thumbnail","hentry","category-atletismo","category-noticias-destacadas"],"cc_featured_image_caption":{"caption_text":"","source_text":"","source_url":""},"_links":{"self":[{"href":"https:\/\/todoapulmon-rafaela.com\/index.php\/wp-json\/wp\/v2\/posts\/20055"}],"collection":[{"href":"https:\/\/todoapulmon-rafaela.com\/index.php\/wp-json\/wp\/v2\/posts"}],"about":[{"href":"https:\/\/todoapulmon-rafaela.com\/index.php\/wp-json\/wp\/v2\/types\/post"}],"author":[{"embeddable":true,"href":"https:\/\/todoapulmon-rafaela.com\/index.php\/wp-json\/wp\/v2\/users\/2"}],"replies":[{"embeddable":true,"href":"https:\/\/todoapulmon-rafaela.com\/index.php\/wp-json\/wp\/v2\/comments?post=20055"}],"version-history":[{"count":4,"href":"https:\/\/todoapulmon-rafaela.com\/index.php\/wp-json\/wp\/v2\/posts\/20055\/revisions"}],"predecessor-version":[{"id":20062,"href":"https:\/\/todoapulmon-rafaela.com\/index.php\/wp-json\/wp\/v2\/posts\/20055\/revisions\/20062"}],"wp:featuredmedia":[{"embeddable":true,"href":"https:\/\/todoapulmon-rafaela.com\/index.php\/wp-json\/wp\/v2\/media\/20056"}],"wp:attachment":[{"href":"https:\/\/todoapulmon-rafaela.com\/index.php\/wp-json\/wp\/v2\/media?parent=20055"}],"wp:term":[{"taxonomy":"category","embeddable":true,"href":"https:\/\/todoapulmon-rafaela.com\/index.php\/wp-json\/wp\/v2\/categories?post=20055"},{"taxonomy":"post_tag","embeddable":true,"href":"https:\/\/todoapulmon-rafaela.com\/index.php\/wp-json\/wp\/v2\/tags?post=20055"}],"curies":[{"name":"wp","href":"https:\/\/api.w.org\/{rel}","templated":true}]}}