{"id":20047,"date":"2019-12-10T00:39:48","date_gmt":"2019-12-10T00:39:48","guid":{"rendered":"http:\/\/todoapulmon-rafaela.com\/?p=20047"},"modified":"2019-12-10T00:39:48","modified_gmt":"2019-12-10T00:39:48","slug":"runners-locales-participaron-en-santa-fe","status":"publish","type":"post","link":"https:\/\/todoapulmon-rafaela.com\/index.php\/2019\/12\/10\/runners-locales-participaron-en-santa-fe\/","title":{"rendered":"Runners locales participaron en Santa Fe"},"content":{"rendered":"<p>Se corri\u00f3 el domingo 8 de diciembre en Santa Fe la prueba pedestre Defensor\u00eda del Pueblo, en las distancias de 4 y 8 kil\u00f3metros, en la cual se dieron cita algunos runners rafaelinos.<br \/>\nEn el recorrido principal, donde se impuso Carlos Johnson (Monte Vera) con 26m14s, fue segundo Juan C. P\u00faa, el atleta boliviano radicado en Rafaela con un registro de 26m18. Ezequiel Tello lleg\u00f3 14\u00ba con un tiempo de 29m25s.<br \/>\nEn damas fue vencedora la santafesina Andrea Lazzarini con 31m41s en damas, en tanto lleg\u00f3 d\u00e9cima Florencia Giro, quien adem\u00e1s fue primera en su categor\u00eda (30 a 34 a\u00f1os).<br \/>\nEn 4k logr\u00f3 el tercer puesto Rodrigo Ghilardi con 13m53s.<br \/>\nPor categor\u00edas, estos fueron los rafaelinos con podio:<\/p>\n<p>Categor\u00edas Damas 8k<\/p>\n<p>18 a 24: 2) Jemina Alderete.<br \/>\n25 a 29: 1) Miriam Suarez.<br \/>\n30 a 34: 1) Florencia Giro.<\/p>\n<p>Categor\u00edas Varones 8k<br \/>\n35 a 39: 1) Santiago Blengino.<\/p>\n","protected":false},"excerpt":{"rendered":"<p>Se corri\u00f3 el domingo 8 de diciembre en Santa Fe la prueba pedestre Defensor\u00eda del Pueblo, en las distancias de<\/p>\n","protected":false},"author":2,"featured_media":20048,"comment_status":"open","ping_status":"open","sticky":false,"template":"","format":"standard","meta":{"footnotes":""},"categories":[7],"tags":[],"class_list":["post-20047","post","type-post","status-publish","format-standard","has-post-thumbnail","hentry","category-atletismo"],"cc_featured_image_caption":{"caption_text":"Santiago Blengino gan\u00f3 en su categor\u00eda. (Foto Maratonistas Santafesinos).","source_text":"","source_url":""},"_links":{"self":[{"href":"https:\/\/todoapulmon-rafaela.com\/index.php\/wp-json\/wp\/v2\/posts\/20047"}],"collection":[{"href":"https:\/\/todoapulmon-rafaela.com\/index.php\/wp-json\/wp\/v2\/posts"}],"about":[{"href":"https:\/\/todoapulmon-rafaela.com\/index.php\/wp-json\/wp\/v2\/types\/post"}],"author":[{"embeddable":true,"href":"https:\/\/todoapulmon-rafaela.com\/index.php\/wp-json\/wp\/v2\/users\/2"}],"replies":[{"embeddable":true,"href":"https:\/\/todoapulmon-rafaela.com\/index.php\/wp-json\/wp\/v2\/comments?post=20047"}],"version-history":[{"count":1,"href":"https:\/\/todoapulmon-rafaela.com\/index.php\/wp-json\/wp\/v2\/posts\/20047\/revisions"}],"predecessor-version":[{"id":20049,"href":"https:\/\/todoapulmon-rafaela.com\/index.php\/wp-json\/wp\/v2\/posts\/20047\/revisions\/20049"}],"wp:featuredmedia":[{"embeddable":true,"href":"https:\/\/todoapulmon-rafaela.com\/index.php\/wp-json\/wp\/v2\/media\/20048"}],"wp:attachment":[{"href":"https:\/\/todoapulmon-rafaela.com\/index.php\/wp-json\/wp\/v2\/media?parent=20047"}],"wp:term":[{"taxonomy":"category","embeddable":true,"href":"https:\/\/todoapulmon-rafaela.com\/index.php\/wp-json\/wp\/v2\/categories?post=20047"},{"taxonomy":"post_tag","embeddable":true,"href":"https:\/\/todoapulmon-rafaela.com\/index.php\/wp-json\/wp\/v2\/tags?post=20047"}],"curies":[{"name":"wp","href":"https:\/\/api.w.org\/{rel}","templated":true}]}}