{"id":19975,"date":"2019-12-04T17:45:12","date_gmt":"2019-12-04T17:45:12","guid":{"rendered":"http:\/\/todoapulmon-rafaela.com\/?p=19975"},"modified":"2019-12-04T18:00:51","modified_gmt":"2019-12-04T18:00:51","slug":"ignacio-podio-se-hace-cargo-de-la-subsecretaria-de-deportes","status":"publish","type":"post","link":"https:\/\/todoapulmon-rafaela.com\/index.php\/2019\/12\/04\/ignacio-podio-se-hace-cargo-de-la-subsecretaria-de-deportes\/","title":{"rendered":"Ignacio Podio se hace cargo de la Subsecretar\u00eda de Deportes"},"content":{"rendered":"<p align=\"LEFT\">Este mi\u00e9rcoles, en la Sala IV del Complejo Cultural del Viejo Mercado, el intendente Luis Castellano present\u00f3 a quienes ser\u00e1n los integrantes de su nuevo Gabinete a partir del 12 de diciembre.<\/p>\n<p align=\"LEFT\">En lo espec\u00edfico del Area Deportes, la Subsecretar\u00eda estar\u00e1 a cargo, a partir de la fecha mencionada, de Ignacio Podio en reemplazo de Leonardo Crosetti. Para quienes no conocen sus antecedentes en cuanto a lo deportivo, cabe destacar que Podio fue rugbier en el CRAR durante varios a\u00f1os jugando en el plantel superior, algo similar en cuanto a quien se aleja.<\/p>\n<p align=\"LEFT\">Desde hace un tiempo ven\u00eda trabajando part-time dentro del Area, con lo cual iniciar\u00e1 su gesti\u00f3n conociendo en l\u00edneas generales el funcionamiento, realidad y necesidades, sobre todo en cuanto a deporte social que es una de las principales metas.<\/p>\n<p align=\"LEFT\">Crosetti tiene previsto retornar a cumplir funciones en el Aer\u00f3dromo, tras haber realizado una gesti\u00f3n positiva en los dos a\u00f1os que estuvo al frente de la Subsecretar\u00eda de Deportes.<\/p>\n<figure id=\"attachment_19977\" aria-describedby=\"caption-attachment-19977\" style=\"width: 300px\" class=\"wp-caption alignnone\"><img loading=\"lazy\" decoding=\"async\" class=\"size-medium wp-image-19977\" src=\"http:\/\/todoapulmon-rafaela.com\/wp-content\/uploads\/2019\/12\/Ignacio-Podio-300x174.jpg\" alt=\"Podio como jugador del CRAR, en 2016.\" width=\"300\" height=\"174\" \/><figcaption id=\"caption-attachment-19977\" class=\"wp-caption-text\">Podio como jugador del CRAR, en 2016.<\/figcaption><\/figure>\n<p align=\"LEFT\"><strong>Palabras del Intendente<\/strong><\/p>\n<p align=\"LEFT\">Precisamente, sobre la renovaci\u00f3n del pr\u00f3ximo Gabinete, Castellano agreg\u00f3 que \u201csiempre es necesario, es l\u00f3gico. M\u00e1s all\u00e1 del desempe\u00f1o del actual, que hizo un gran trabajo, hay mucha gente que desde abajo necesitaba encontrar responsabilidades mayores, incluso desde fuera del Estado, que llegan para nutrir nuestro proyecto pol\u00edtico con el agregado de un importante n\u00famero de mujeres\u201d.<\/p>\n<p align=\"LEFT\">\u201cHay 9 funcionarias y funcionarios menores de 40 a\u00f1os y esto es importante porque las nuevas generaciones empiezan a tomar responsabilidades importantes en la gesti\u00f3n\u201d,dijo.<\/p>\n<p align=\"LEFT\">En cuanto al concepto sobre los miembros del nuevo Gabinete, el titular del Ejecutivo local, destac\u00f3 que es \u201cgente que me genera mucha confianza que siente por la ciudad lo mismo que siento yo y van a ser de enorme ayuda en todos los temas\u201d.<\/p>\n<p align=\"LEFT\">\u201cEste es el tercer mandato que voy a iniciar y deb\u00eda afrontarlo con gente nueva, j\u00f3venes, que ayuden a mirar con ideas nuevas hacia el futuro. Ahora hay que gobernar y creo que el equipo que conform\u00e9 est\u00e1 preparado para el desaf\u00edo porque conjugan conocimiento, capacidad y temple para conducir cada una de las \u00e1reas\u201d, finaliz\u00f3.<\/p>\n<p align=\"LEFT\">\n","protected":false},"excerpt":{"rendered":"<p>Este mi\u00e9rcoles, en la Sala IV del Complejo Cultural del Viejo Mercado, el intendente Luis Castellano present\u00f3 a quienes ser\u00e1n<\/p>\n","protected":false},"author":2,"featured_media":19976,"comment_status":"open","ping_status":"open","sticky":false,"template":"","format":"standard","meta":{"footnotes":""},"categories":[24],"tags":[],"class_list":["post-19975","post","type-post","status-publish","format-standard","has-post-thumbnail","hentry","category-noticias-destacadas"],"cc_featured_image_caption":{"caption_text":"El nuevo Gabinete presentado esta ma\u00f1ana por el intendente Luis Castellano en el Complejo Viejo Mercado. Podio, en el extremo derecho de la foto. (Prensa Municipalidad).","source_text":"","source_url":""},"_links":{"self":[{"href":"https:\/\/todoapulmon-rafaela.com\/index.php\/wp-json\/wp\/v2\/posts\/19975"}],"collection":[{"href":"https:\/\/todoapulmon-rafaela.com\/index.php\/wp-json\/wp\/v2\/posts"}],"about":[{"href":"https:\/\/todoapulmon-rafaela.com\/index.php\/wp-json\/wp\/v2\/types\/post"}],"author":[{"embeddable":true,"href":"https:\/\/todoapulmon-rafaela.com\/index.php\/wp-json\/wp\/v2\/users\/2"}],"replies":[{"embeddable":true,"href":"https:\/\/todoapulmon-rafaela.com\/index.php\/wp-json\/wp\/v2\/comments?post=19975"}],"version-history":[{"count":5,"href":"https:\/\/todoapulmon-rafaela.com\/index.php\/wp-json\/wp\/v2\/posts\/19975\/revisions"}],"predecessor-version":[{"id":19982,"href":"https:\/\/todoapulmon-rafaela.com\/index.php\/wp-json\/wp\/v2\/posts\/19975\/revisions\/19982"}],"wp:featuredmedia":[{"embeddable":true,"href":"https:\/\/todoapulmon-rafaela.com\/index.php\/wp-json\/wp\/v2\/media\/19976"}],"wp:attachment":[{"href":"https:\/\/todoapulmon-rafaela.com\/index.php\/wp-json\/wp\/v2\/media?parent=19975"}],"wp:term":[{"taxonomy":"category","embeddable":true,"href":"https:\/\/todoapulmon-rafaela.com\/index.php\/wp-json\/wp\/v2\/categories?post=19975"},{"taxonomy":"post_tag","embeddable":true,"href":"https:\/\/todoapulmon-rafaela.com\/index.php\/wp-json\/wp\/v2\/tags?post=19975"}],"curies":[{"name":"wp","href":"https:\/\/api.w.org\/{rel}","templated":true}]}}