{"id":19941,"date":"2019-12-02T17:08:54","date_gmt":"2019-12-02T17:08:54","guid":{"rendered":"http:\/\/todoapulmon-rafaela.com\/?p=19941"},"modified":"2019-12-02T17:13:16","modified_gmt":"2019-12-02T17:13:16","slug":"las-meritorias-performances-de-atletas-del-cras-en-paraguay","status":"publish","type":"post","link":"https:\/\/todoapulmon-rafaela.com\/index.php\/2019\/12\/02\/las-meritorias-performances-de-atletas-del-cras-en-paraguay\/","title":{"rendered":"Las meritorias performances de atletas del CRAS en Paraguay"},"content":{"rendered":"<p>Este lunes las dos representantes del CRAS en el Sudamericano Escolar de Atletismo tuvieron una meritoria performance en el comienzo de las competencias que se desarrollan en la pista de la Secretar\u00eda de Deportes de Asunci\u00f3n.<\/p>\n<p>La primera en salir a pista fue Angelina Zanatta, en la prueba de marcha sobre 3.000 metros, ocupando la octava posici\u00f3n. Esta fue la clasificaci\u00f3n de la prueba:<\/p>\n<div class=\"panel-heading\"><\/div>\n<div class=\"table-responsive\">\n<table class=\"tablas hover-rows table table-striped table-condensed\">\n<thead>\n<tr>\n<th rowspan=\"2\">#<\/th>\n<th colspan=\"2\" rowspan=\"2\">Nombre<\/th>\n<th rowspan=\"2\">Equipo<\/th>\n<th rowspan=\"2\">TIEMPO<\/th>\n<\/tr>\n<\/thead>\n<tbody>\n<tr>\n<td>1<\/td>\n<td colspan=\"2\"><a href=\"https:\/\/www.sudaescolaresasuncion2019.com\/info\/participante\/41295\">Nallybeth Emilia Campos Bendezu<\/a><\/td>\n<td><img decoding=\"async\" class=\"escudo\" src=\"https:\/\/www.sudaescolaresasuncion2019.com\/uploads\/organizacion\/e947e73997fe5758aa526f54f740a9988c046446.png\" alt=\"\" \/><span class=\"n-corto\">PER<\/span><\/td>\n<td title=\"14:22.71\">14:22.71<\/td>\n<\/tr>\n<tr class=\"fila-oscura\">\n<td>2<\/td>\n<td colspan=\"2\"><a href=\"https:\/\/www.sudaescolaresasuncion2019.com\/info\/participante\/42839\">Jhoselyn Cuizara Luque<\/a><\/td>\n<td><img decoding=\"async\" class=\"escudo\" src=\"https:\/\/www.sudaescolaresasuncion2019.com\/uploads\/organizacion\/8371b2bda8ea96e7f27779141302a7e5f1f98929.png\" alt=\"\" \/><span class=\"n-corto\">BOL<\/span><\/td>\n<td title=\"14:42.42\">14:42.42<\/td>\n<\/tr>\n<tr>\n<td>3<\/td>\n<td colspan=\"2\"><a href=\"https:\/\/www.sudaescolaresasuncion2019.com\/info\/participante\/41384\">Yadira Araceli Orihuela Poma<\/a><\/td>\n<td><img decoding=\"async\" class=\"escudo\" src=\"https:\/\/www.sudaescolaresasuncion2019.com\/uploads\/organizacion\/e947e73997fe5758aa526f54f740a9988c046446.png\" alt=\"\" \/><span class=\"n-corto\">PER<\/span><\/td>\n<td title=\"14:42.46\">14:42.46<\/td>\n<\/tr>\n<tr class=\"fila-oscura\">\n<td>4<\/td>\n<td colspan=\"2\"><a href=\"https:\/\/www.sudaescolaresasuncion2019.com\/info\/participante\/41044\">Manuela Carolina Pi\u00f1acela Tenezaca<\/a><\/td>\n<td><img decoding=\"async\" class=\"escudo\" src=\"https:\/\/www.sudaescolaresasuncion2019.com\/uploads\/organizacion\/95bb94aeb811b6d57ab42c8b328affc9295df75a.png\" alt=\"\" \/><span class=\"n-corto\">ECU<\/span><\/td>\n<td title=\"16:06.90\">16:06.90<\/td>\n<\/tr>\n<tr>\n<td>5<\/td>\n<td colspan=\"2\"><a href=\"https:\/\/www.sudaescolaresasuncion2019.com\/info\/participante\/43011\">Sofia Veronica Navarrete Contrras<\/a><\/td>\n<td><img decoding=\"async\" class=\"escudo\" src=\"https:\/\/www.sudaescolaresasuncion2019.com\/uploads\/organizacion\/9564aefc21ccdf95de83e1568d1942f0c190f4ea.png\" alt=\"\" \/><span class=\"n-corto\">CHI<\/span><\/td>\n<td title=\"16:13.24\">16:13.24<\/td>\n<\/tr>\n<tr class=\"fila-oscura\">\n<td>6<\/td>\n<td colspan=\"2\"><a href=\"https:\/\/www.sudaescolaresasuncion2019.com\/info\/participante\/41024\">Camila Alejandra Alvaro Vargas<\/a><\/td>\n<td><img decoding=\"async\" class=\"escudo\" src=\"https:\/\/www.sudaescolaresasuncion2019.com\/uploads\/organizacion\/95bb94aeb811b6d57ab42c8b328affc9295df75a.png\" alt=\"\" \/><span class=\"n-corto\">ECU<\/span><\/td>\n<td title=\"16:55.33\">16:55.33<\/td>\n<\/tr>\n<tr>\n<td>7<\/td>\n<td colspan=\"2\"><a href=\"https:\/\/www.sudaescolaresasuncion2019.com\/info\/participante\/42496\">Fernanda Cidrin Da Silva Santos<\/a><\/td>\n<td><img decoding=\"async\" class=\"escudo\" src=\"https:\/\/www.sudaescolaresasuncion2019.com\/uploads\/organizacion\/d283e83da9c22c3a404a4eb304b9eb2b473eb6fa.png\" alt=\"\" \/><span class=\"n-corto\">BRA<\/span><\/td>\n<td title=\"17:02.76\">17:02.76<\/td>\n<\/tr>\n<tr class=\"fila-oscura\">\n<td>8<\/td>\n<td colspan=\"2\"><a href=\"https:\/\/www.sudaescolaresasuncion2019.com\/info\/participante\/41545\">Angelina Zanatta<\/a><\/td>\n<td><img decoding=\"async\" class=\"escudo\" src=\"https:\/\/www.sudaescolaresasuncion2019.com\/uploads\/organizacion\/c489ed1e748ca5c61633e4630ed31fda0e89203d.png\" alt=\"\" \/><span class=\"n-corto\">ARG<\/span><\/td>\n<td title=\"17:41.89\">17:41.89<\/td>\n<\/tr>\n<tr>\n<td>9<\/td>\n<td colspan=\"2\"><a href=\"https:\/\/www.sudaescolaresasuncion2019.com\/info\/participante\/42495\">Thaliane Janaina Miranda Da Cruz<\/a><\/td>\n<td><img decoding=\"async\" class=\"escudo\" src=\"https:\/\/www.sudaescolaresasuncion2019.com\/uploads\/organizacion\/d283e83da9c22c3a404a4eb304b9eb2b473eb6fa.png\" alt=\"\" \/><span class=\"n-corto\">BRA<\/span><\/td>\n<td title=\"19:13.50\">19:13.50<\/td>\n<\/tr>\n<\/tbody>\n<\/table>\n<p>Luego se desarrollaron las series de 80 metros llanos femeninos, donde Camila Rodriguez tuvo un gran desempe\u00f1o con 10s32, clasificando con el tercer mejor tiempo general a la final. Por escasos centimetros, luego se le escap\u00f3 la medalla de bronce llegando cuarta, pero no obstante fue una gran performance que intentar\u00e1 repetir y mejorar en los 150 metros.<\/p>\n<p>Recordemos que las dos atletas son entrenadas por Leandro Bonamino. Luego publicaremos, cuando sea oficializada por el sitio oficial del torneo, la clasificaci\u00f3n final de los 80 metros llanos.<\/p>\n<p>Cabe acotar que Alan S\u00e1nchez, atleta oriundo de San Mart\u00edn de las Escobas, obtuvo la medalla de bronce en lanzamiento de jabalina.<\/p>\n<p>&nbsp;<\/p>\n<\/div>\n","protected":false},"excerpt":{"rendered":"<p>Este lunes las dos representantes del CRAS en el Sudamericano Escolar de Atletismo tuvieron una meritoria performance en el comienzo<\/p>\n","protected":false},"author":2,"featured_media":19944,"comment_status":"open","ping_status":"open","sticky":false,"template":"","format":"standard","meta":{"footnotes":""},"categories":[7],"tags":[],"class_list":["post-19941","post","type-post","status-publish","format-standard","has-post-thumbnail","hentry","category-atletismo"],"cc_featured_image_caption":{"caption_text":"Camila Rodriguez, Leandro Bonamino y Angelina Zanatta (foto Leandro Bonamino).","source_text":"","source_url":""},"_links":{"self":[{"href":"https:\/\/todoapulmon-rafaela.com\/index.php\/wp-json\/wp\/v2\/posts\/19941"}],"collection":[{"href":"https:\/\/todoapulmon-rafaela.com\/index.php\/wp-json\/wp\/v2\/posts"}],"about":[{"href":"https:\/\/todoapulmon-rafaela.com\/index.php\/wp-json\/wp\/v2\/types\/post"}],"author":[{"embeddable":true,"href":"https:\/\/todoapulmon-rafaela.com\/index.php\/wp-json\/wp\/v2\/users\/2"}],"replies":[{"embeddable":true,"href":"https:\/\/todoapulmon-rafaela.com\/index.php\/wp-json\/wp\/v2\/comments?post=19941"}],"version-history":[{"count":2,"href":"https:\/\/todoapulmon-rafaela.com\/index.php\/wp-json\/wp\/v2\/posts\/19941\/revisions"}],"predecessor-version":[{"id":19945,"href":"https:\/\/todoapulmon-rafaela.com\/index.php\/wp-json\/wp\/v2\/posts\/19941\/revisions\/19945"}],"wp:featuredmedia":[{"embeddable":true,"href":"https:\/\/todoapulmon-rafaela.com\/index.php\/wp-json\/wp\/v2\/media\/19944"}],"wp:attachment":[{"href":"https:\/\/todoapulmon-rafaela.com\/index.php\/wp-json\/wp\/v2\/media?parent=19941"}],"wp:term":[{"taxonomy":"category","embeddable":true,"href":"https:\/\/todoapulmon-rafaela.com\/index.php\/wp-json\/wp\/v2\/categories?post=19941"},{"taxonomy":"post_tag","embeddable":true,"href":"https:\/\/todoapulmon-rafaela.com\/index.php\/wp-json\/wp\/v2\/tags?post=19941"}],"curies":[{"name":"wp","href":"https:\/\/api.w.org\/{rel}","templated":true}]}}