{"id":19935,"date":"2019-12-02T16:31:36","date_gmt":"2019-12-02T16:31:36","guid":{"rendered":"http:\/\/todoapulmon-rafaela.com\/?p=19935"},"modified":"2019-12-02T17:53:20","modified_gmt":"2019-12-02T17:53:20","slug":"tomas-mondino-campeon-sudamericano-en-asuncion","status":"publish","type":"post","link":"https:\/\/todoapulmon-rafaela.com\/index.php\/2019\/12\/02\/tomas-mondino-campeon-sudamericano-en-asuncion\/","title":{"rendered":"Tom\u00e1s Mondino campe\u00f3n Sudamericano en Asunci\u00f3n!!"},"content":{"rendered":"<p>Este lunes comenzaron las competencias en el Sudamericano Escolar de Atletismo en Asunci\u00f3n del Paraguay, torneo reservado a chicos de la categor\u00eda U14.<\/p>\n<p>Y para nuestra ciudad la jornada fue de enormes satisfacciones. Tom\u00e1s Mondino se consagr\u00f3 campe\u00f3n Sudamericano con una brillante performance, ya que tras superar con autoridad la serie clasificatoria (en 9s16), gan\u00f3 la final de 80 metros llanos en un gran sprint registrando un tiempo de 9s28. La alegr\u00eda fue completa en esta prueba para Argentina puesto que Mat\u00edas Castro lleg\u00f3 segundo con 9s32.<\/p>\n<p><img loading=\"lazy\" decoding=\"async\" class=\"alignnone size-medium wp-image-19937\" src=\"http:\/\/todoapulmon-rafaela.com\/wp-content\/uploads\/2019\/12\/Mondino-campeon-sudamericano2-300x200.jpg\" alt=\"Mondino campeon sudamericano2\" width=\"300\" height=\"200\" srcset=\"https:\/\/todoapulmon-rafaela.com\/wp-content\/uploads\/2019\/12\/Mondino-campeon-sudamericano2-300x200.jpg 300w, https:\/\/todoapulmon-rafaela.com\/wp-content\/uploads\/2019\/12\/Mondino-campeon-sudamericano2.jpg 1280w\" sizes=\"(max-width: 300px) 100vw, 300px\" \/><\/p>\n<p><img loading=\"lazy\" decoding=\"async\" class=\"alignnone size-medium wp-image-19948\" src=\"http:\/\/todoapulmon-rafaela.com\/wp-content\/uploads\/2019\/12\/Clasificacion-triunfo-Mondino-1-300x209.jpg\" alt=\"Clasificacion triunfo Mondino\" width=\"300\" height=\"209\" srcset=\"https:\/\/todoapulmon-rafaela.com\/wp-content\/uploads\/2019\/12\/Clasificacion-triunfo-Mondino-1-300x209.jpg 300w, https:\/\/todoapulmon-rafaela.com\/wp-content\/uploads\/2019\/12\/Clasificacion-triunfo-Mondino-1-392x272.jpg 392w, https:\/\/todoapulmon-rafaela.com\/wp-content\/uploads\/2019\/12\/Clasificacion-triunfo-Mondino-1-130x90.jpg 130w, https:\/\/todoapulmon-rafaela.com\/wp-content\/uploads\/2019\/12\/Clasificacion-triunfo-Mondino-1.jpg 564w\" sizes=\"(max-width: 300px) 100vw, 300px\" \/><\/p>\n<p>Los chicos se dieron el gusto de imponerse a un brasilero lo cual no se da con frecuencia en las pruebas de velocidad a nivel Sudamericano. Mondino y Castro llegaron delante de Guillherme Eberhardt Kroch que cronometr\u00f3 9s38.<\/p>\n<div style=\"width: 800px;\" class=\"wp-video\"><!--[if lt IE 9]><script>document.createElement('video');<\/script><![endif]-->\n<video class=\"wp-video-shortcode\" id=\"video-19935-1\" width=\"800\" height=\"453\" preload=\"metadata\" controls=\"controls\"><source type=\"video\/mp4\" src=\"http:\/\/todoapulmon-rafaela.com\/wp-content\/uploads\/2019\/12\/VID-20191202-WA00171.mp4?_=1\" \/><a href=\"http:\/\/todoapulmon-rafaela.com\/wp-content\/uploads\/2019\/12\/VID-20191202-WA00171.mp4\">http:\/\/todoapulmon-rafaela.com\/wp-content\/uploads\/2019\/12\/VID-20191202-WA00171.mp4<\/a><\/video><\/div>\n<p>De esta manera, Tomy -representante de la Escuela T\u00e9cnica y entrenado por su padre Ceferino- se consagra como el atleta m\u00e1s veloz de Sudam\u00e9rica, aunque tiene por delante otro gran desaf\u00edo como los 150 metros en lo que resta del torneo.<\/p>\n<p>CAMILA ESTUVO CERCA<\/p>\n<p>Camila Rodriguez tambi\u00e9n tuvo una gran labor en la primera jornada del Sudamericano. En los 80 metros llanos qued\u00f3 cuarta en la final, tras haber sido tercera en la general de las series. La atleta del CRAS demostr\u00f3 su gran potencial y en los 150 metros buscar\u00e1 estar nuevamente en la pelea por las medallas.<\/p>\n<p>En tanto, Angelina Zanatta se ubic\u00f3 en el octavo puesto de la prueba de marcha sobre 3.000 metros sumando una valiosa experiencia internacional.<\/p>\n","protected":false},"excerpt":{"rendered":"<p>Este lunes comenzaron las competencias en el Sudamericano Escolar de Atletismo en Asunci\u00f3n del Paraguay, torneo reservado a chicos de<\/p>\n","protected":false},"author":2,"featured_media":19936,"comment_status":"open","ping_status":"open","sticky":false,"template":"","format":"standard","meta":{"footnotes":""},"categories":[7,24],"tags":[],"class_list":["post-19935","post","type-post","status-publish","format-standard","has-post-thumbnail","hentry","category-atletismo","category-noticias-destacadas"],"cc_featured_image_caption":{"caption_text":"","source_text":"","source_url":""},"_links":{"self":[{"href":"https:\/\/todoapulmon-rafaela.com\/index.php\/wp-json\/wp\/v2\/posts\/19935"}],"collection":[{"href":"https:\/\/todoapulmon-rafaela.com\/index.php\/wp-json\/wp\/v2\/posts"}],"about":[{"href":"https:\/\/todoapulmon-rafaela.com\/index.php\/wp-json\/wp\/v2\/types\/post"}],"author":[{"embeddable":true,"href":"https:\/\/todoapulmon-rafaela.com\/index.php\/wp-json\/wp\/v2\/users\/2"}],"replies":[{"embeddable":true,"href":"https:\/\/todoapulmon-rafaela.com\/index.php\/wp-json\/wp\/v2\/comments?post=19935"}],"version-history":[{"count":4,"href":"https:\/\/todoapulmon-rafaela.com\/index.php\/wp-json\/wp\/v2\/posts\/19935\/revisions"}],"predecessor-version":[{"id":19949,"href":"https:\/\/todoapulmon-rafaela.com\/index.php\/wp-json\/wp\/v2\/posts\/19935\/revisions\/19949"}],"wp:featuredmedia":[{"embeddable":true,"href":"https:\/\/todoapulmon-rafaela.com\/index.php\/wp-json\/wp\/v2\/media\/19936"}],"wp:attachment":[{"href":"https:\/\/todoapulmon-rafaela.com\/index.php\/wp-json\/wp\/v2\/media?parent=19935"}],"wp:term":[{"taxonomy":"category","embeddable":true,"href":"https:\/\/todoapulmon-rafaela.com\/index.php\/wp-json\/wp\/v2\/categories?post=19935"},{"taxonomy":"post_tag","embeddable":true,"href":"https:\/\/todoapulmon-rafaela.com\/index.php\/wp-json\/wp\/v2\/tags?post=19935"}],"curies":[{"name":"wp","href":"https:\/\/api.w.org\/{rel}","templated":true}]}}