{"id":19917,"date":"2019-11-30T23:20:42","date_gmt":"2019-11-30T23:20:42","guid":{"rendered":"http:\/\/todoapulmon-rafaela.com\/?p=19917"},"modified":"2019-11-30T23:20:42","modified_gmt":"2019-11-30T23:20:42","slug":"emmert-cerro-el-ano-deportivo-con-otro-triunfo-y-pb","status":"publish","type":"post","link":"https:\/\/todoapulmon-rafaela.com\/index.php\/2019\/11\/30\/emmert-cerro-el-ano-deportivo-con-otro-triunfo-y-pb\/","title":{"rendered":"Emmert cerr\u00f3 el a\u00f1o deportivo con otro triunfo y PB"},"content":{"rendered":"<p>El torneo \u00abAbel Acevedo\u00bb, este s\u00e1bado 30 de noviembre en Buenos Aires, fue otra muestra del gran nivel del atleta Pedro Emmert. El representante del Club Quir\u00f3n de Capital volvi\u00f3 a ganar y marcar su mejor registro personal en los 400 metros llanos, en el evento que tuvo como nota saliente que fue el primero a nivel local en realizarse en la pista del Parque Ol\u00edmpico, inaugurada el a\u00f1o pasado en ocasi\u00f3n de los hist\u00f3ricos Juegos de la Juventud.<\/p>\n<p>Si bien el certamen fue para categor\u00edas infantiles, como es habitual en Buenos Aires, se habilita para participaci\u00f3n de atletas en pruebas mayores con la chance de oficializar las marcas.<br \/>\nEl rafaelino, categor\u00eda U18, tuvo el mismo tiempo que Mat\u00edas Falchetti (2 a\u00f1os mayor) con 48s71. Se considera el primer puesto para ambos, aunque en mil\u00e9simas la clasificaci\u00f3n mostr\u00f3 48s71-7013- Emmert y 48s71 -7077- Falchetti. Luego lleg\u00f3 Juan Pablo Gebetsberger con 49s77.<br \/>\nEl dato saliente para el campe\u00f3n nacional de su categor\u00eda en 400 y 800 metros, es que baj\u00f3 su tiempo personal 77 cent\u00e9simas, ratificando la gran adaptaci\u00f3n y evoluci\u00f3n a las pistas, tras la decisi\u00f3n hace alrededor de tres meses de dejar el triatl\u00f3n para abocarse de lleno a la pr\u00e1ctica del atletismo.<br \/>\nCon esta performance, adem\u00e1s de liderar en U18, Emmert termina el a\u00f1o deportivo en el quinto puesto del ranking nacional absoluto 2019 de 400 metros.<br \/>\nEl mismo se ordena en los primeros puestos de la siguiente manera: 1) Elian Larregina 46s02; 2) Dami\u00e1n Moretta 47s84; 3) Leandro Paris 48s30; 4) Bruno Zanacchi 48s66; 5) Pedro Emmert y Mat\u00edas Falchetti 48s71.<\/p>\n","protected":false},"excerpt":{"rendered":"<p>El torneo \u00abAbel Acevedo\u00bb, este s\u00e1bado 30 de noviembre en Buenos Aires, fue otra muestra del gran nivel del atleta<\/p>\n","protected":false},"author":2,"featured_media":19918,"comment_status":"open","ping_status":"open","sticky":false,"template":"","format":"standard","meta":{"footnotes":""},"categories":[7,24],"tags":[],"class_list":["post-19917","post","type-post","status-publish","format-standard","has-post-thumbnail","hentry","category-atletismo","category-noticias-destacadas"],"cc_featured_image_caption":{"caption_text":"La llegada de Emmert y Falchetti en la pista del Parque Ol\u00edmpico (Foto Redes Sociales).","source_text":"","source_url":""},"_links":{"self":[{"href":"https:\/\/todoapulmon-rafaela.com\/index.php\/wp-json\/wp\/v2\/posts\/19917"}],"collection":[{"href":"https:\/\/todoapulmon-rafaela.com\/index.php\/wp-json\/wp\/v2\/posts"}],"about":[{"href":"https:\/\/todoapulmon-rafaela.com\/index.php\/wp-json\/wp\/v2\/types\/post"}],"author":[{"embeddable":true,"href":"https:\/\/todoapulmon-rafaela.com\/index.php\/wp-json\/wp\/v2\/users\/2"}],"replies":[{"embeddable":true,"href":"https:\/\/todoapulmon-rafaela.com\/index.php\/wp-json\/wp\/v2\/comments?post=19917"}],"version-history":[{"count":1,"href":"https:\/\/todoapulmon-rafaela.com\/index.php\/wp-json\/wp\/v2\/posts\/19917\/revisions"}],"predecessor-version":[{"id":19919,"href":"https:\/\/todoapulmon-rafaela.com\/index.php\/wp-json\/wp\/v2\/posts\/19917\/revisions\/19919"}],"wp:featuredmedia":[{"embeddable":true,"href":"https:\/\/todoapulmon-rafaela.com\/index.php\/wp-json\/wp\/v2\/media\/19918"}],"wp:attachment":[{"href":"https:\/\/todoapulmon-rafaela.com\/index.php\/wp-json\/wp\/v2\/media?parent=19917"}],"wp:term":[{"taxonomy":"category","embeddable":true,"href":"https:\/\/todoapulmon-rafaela.com\/index.php\/wp-json\/wp\/v2\/categories?post=19917"},{"taxonomy":"post_tag","embeddable":true,"href":"https:\/\/todoapulmon-rafaela.com\/index.php\/wp-json\/wp\/v2\/tags?post=19917"}],"curies":[{"name":"wp","href":"https:\/\/api.w.org\/{rel}","templated":true}]}}