{"id":19881,"date":"2019-11-25T14:47:59","date_gmt":"2019-11-25T14:47:59","guid":{"rendered":"http:\/\/todoapulmon-rafaela.com\/?p=19881"},"modified":"2019-11-25T14:47:59","modified_gmt":"2019-11-25T14:47:59","slug":"ocho-campeones-rafaelinos-en-el-rural-bike","status":"publish","type":"post","link":"https:\/\/todoapulmon-rafaela.com\/index.php\/2019\/11\/25\/ocho-campeones-rafaelinos-en-el-rural-bike\/","title":{"rendered":"Ocho campeones rafaelinos en el Rural Bike"},"content":{"rendered":"<p>Lleg\u00f3 a su fin el Campeonato Santafesino de Rural Bike 2019, con el premio coronaci\u00f3n que se realiz\u00f3 este domingo en San Carlos Centro. Un total de 209 bikers se hicieron presentes para esta jornada final,homenaje a Luis Cotichini, fallecido en una de las competencias realizadas este a\u00f1o.<br \/>\nEn la general Femenina de 4 vueltas fue ganadora la rafaelina Gisela Cattaneo, con un tiempo de 1h43m5s. Por el lado de la Masculina el ganador fue Francisco Aimar, que recorri\u00f3 las 5 vueltas con un tiempo total de 1h46m41s.<br \/>\nComo sucede con frecuencia en cada competencia, hubo satisfacciones para los bikers rafaelinos. Obtuvieron primeros puestos en esta fecha: Vanesa Pons (Damas Elite), Gisela Catt\u00e1neo (Damas A), Valentino Danna (Menores), Carlos Mansilla (Master A1), Maximiliano Toldo (Master A2), Dar\u00edo Sedlacek (Master C2) y Ricardo Paz (Master D1).<br \/>\nSegundo puesto consigui\u00f3 Carolina Antelo (Damas Elite).<br \/>\nEn tercera posici\u00f3n arribaron: Juan Diego Brizuela (Juveniles) y Juan Silva (Master A2).<\/p>\n<p>OCHO TITULOS<br \/>\nEn cuanto a los campeonatos, de nuestra ciudad se consagraron: Mar\u00eda Bel\u00e9n Fontanetto (Damas B), Valentino Danna (Menores), Mart\u00edn Brizuela (Juveniles), Carlos Mansilla (Master A1), Maximiliano Toldo (A2), C\u00e9sar Peralta (B1), Dar\u00edo Sedlacek (Master C2) y Ricardo Paz (Master D1).<br \/>\nEste es el detalle de los mejores ubicados:<br \/>\nDAMAS ELITE<br \/>\n1\u00ba Bertorello, Florencia (Ceres)<br \/>\n2\u00ba Ricci, Camila (Ceres)<br \/>\n3\u00ba Navarrete, M\u00f3nica (Sastre)<br \/>\nDAMAS M\u00c1STER A<br \/>\n1\u00ba Vald\u00e9z, Mar\u00eda Bel\u00e9n (San Crist\u00f3bal)<br \/>\n2\u00ba Luna, Gisela (San Justo)<br \/>\n3\u00ba Nardelli, Flavia (Reconquista)<br \/>\nDAMAS M\u00c1STER B<br \/>\n1\u00ba Fontanetto, Mar\u00eda (Rafaela)<br \/>\n2\u00ba Vivas, Ver\u00f3nica (Ceres)<br \/>\n3\u00ba Davico, Adriana (Brinkmann)<br \/>\nDAMAS MASTER C<br \/>\n1\u00ba D\u00edaz, Sandra (San Crist\u00f3bal)<br \/>\n2\u00ba Ort\u00edz, Laura (San Francisco)<br \/>\n3\u00ba Carrara, Cristina (Reconquista)<br \/>\nDAMAS MASTER D<br \/>\n1\u00ba Cian, Norma (Reconquista)<br \/>\nMENORES<br \/>\n1\u00ba Danna, Valentino (Rafaela)<br \/>\n2\u00ba Ostertag, Guido (Esperanza)<br \/>\n3\u00ba Pairola, Valentino (San Francisco)<br \/>\nJUVENILES<br \/>\n1\u00ba Brizuela, Mart\u00edn (Rafaela)<br \/>\n2\u00ba Lucero, Jer\u00f3nimo (San Francisco)<br \/>\n3\u00ba Morini, Alvaro (Ceres)<br \/>\nSUB-23<br \/>\n1\u00ba Traverso, Santiago (Santa Fe)<br \/>\n2\u00ba Acosta, Francisco (Zen\u00f3n Pereyra)<br \/>\n3\u00ba Traverso, Juan Manuel (San Javier)<br \/>\nELITE<br \/>\n1\u00ba Aimar, Francisco (San Francisco)<br \/>\n2\u00ba Ben\u00edtez, Guillermo (San Justo)<br \/>\n3\u00ba Ayala, Alexis (San Justo)<br \/>\nMASTER A1<br \/>\n1\u00ba Mansilla, Carlos (Rafaela)<br \/>\n2\u00ba Perotti, Renato (Arruf\u00f3)<br \/>\n3\u00ba Far\u00eda, Ezequiel (Ceres)<br \/>\nMASTER A2<br \/>\n1\u00ba Toldo, Maximiliano (Rafaela)<br \/>\n2\u00ba Lovera, Lucas (Ceres)<br \/>\n3\u00ba Silva, Juan Carlos (Rafaela)<br \/>\nMASTER B1<br \/>\n1\u00ba Peralta, C\u00e9sar (Rafaela)<br \/>\n2\u00ba Machado, Gerardo (San Justo)<br \/>\n3\u00ba Vilches, Mat\u00edas (Rafaela)<br \/>\nMASTER B2<br \/>\n1\u00ba Ponce, Juan (Brinkmann)<br \/>\n2\u00ba Carbonell, Mariano (San Justo)<br \/>\n3\u00ba Barberis, Fernando (Tacural)<br \/>\nMASTER C1<br \/>\n1\u00ba Williner, Diego (San Francisco)<br \/>\n2\u00ba Camusso, Carlos (Humberto Primo)<br \/>\n3\u00ba Avila, Nildo Germ\u00e1n (Ceres)<br \/>\nMASTER C2<br \/>\n1\u00ba Sedlacek, Dar\u00edo (Rafaela)<br \/>\n2\u00ba Perondini, Sergio (San Justo)<br \/>\n3\u00ba Schnell, Oscar (Esperanza)<br \/>\nMASTER D1<br \/>\n1\u00ba Paz, Ricardo (Rafaela)<br \/>\n2\u00ba Outeyral, Jos\u00e9 (San Crist\u00f3bal)<br \/>\n3\u00ba Coticchini, Luis (San Carlos)<br \/>\nMASTER D2<br \/>\n1\u00ba Paschiero, Ra\u00fal (San Francisco)<br \/>\n2\u00ba Falkenmayer, Oscar (Grutly)<br \/>\n3\u00ba Hang, Mario (San Carlos Norte)<br \/>\nMASTER E<br \/>\n1\u00ba Sattler, Rafael (Franck)<br \/>\n2\u00ba Doval, Carlos (Esperanza).<\/p>\n","protected":false},"excerpt":{"rendered":"<p>Lleg\u00f3 a su fin el Campeonato Santafesino de Rural Bike 2019, con el premio coronaci\u00f3n que se realiz\u00f3 este domingo<\/p>\n","protected":false},"author":2,"featured_media":19882,"comment_status":"open","ping_status":"open","sticky":false,"template":"","format":"standard","meta":{"footnotes":""},"categories":[4,24],"tags":[],"class_list":["post-19881","post","type-post","status-publish","format-standard","has-post-thumbnail","hentry","category-ciclismo","category-noticias-destacadas"],"cc_featured_image_caption":{"caption_text":"Los campeones del Rural Bike Santafesino 2019 (foto gentileza Hugo Escalada).","source_text":"","source_url":""},"_links":{"self":[{"href":"https:\/\/todoapulmon-rafaela.com\/index.php\/wp-json\/wp\/v2\/posts\/19881"}],"collection":[{"href":"https:\/\/todoapulmon-rafaela.com\/index.php\/wp-json\/wp\/v2\/posts"}],"about":[{"href":"https:\/\/todoapulmon-rafaela.com\/index.php\/wp-json\/wp\/v2\/types\/post"}],"author":[{"embeddable":true,"href":"https:\/\/todoapulmon-rafaela.com\/index.php\/wp-json\/wp\/v2\/users\/2"}],"replies":[{"embeddable":true,"href":"https:\/\/todoapulmon-rafaela.com\/index.php\/wp-json\/wp\/v2\/comments?post=19881"}],"version-history":[{"count":1,"href":"https:\/\/todoapulmon-rafaela.com\/index.php\/wp-json\/wp\/v2\/posts\/19881\/revisions"}],"predecessor-version":[{"id":19883,"href":"https:\/\/todoapulmon-rafaela.com\/index.php\/wp-json\/wp\/v2\/posts\/19881\/revisions\/19883"}],"wp:featuredmedia":[{"embeddable":true,"href":"https:\/\/todoapulmon-rafaela.com\/index.php\/wp-json\/wp\/v2\/media\/19882"}],"wp:attachment":[{"href":"https:\/\/todoapulmon-rafaela.com\/index.php\/wp-json\/wp\/v2\/media?parent=19881"}],"wp:term":[{"taxonomy":"category","embeddable":true,"href":"https:\/\/todoapulmon-rafaela.com\/index.php\/wp-json\/wp\/v2\/categories?post=19881"},{"taxonomy":"post_tag","embeddable":true,"href":"https:\/\/todoapulmon-rafaela.com\/index.php\/wp-json\/wp\/v2\/tags?post=19881"}],"curies":[{"name":"wp","href":"https:\/\/api.w.org\/{rel}","templated":true}]}}