{"id":19755,"date":"2019-11-17T20:12:23","date_gmt":"2019-11-17T20:12:23","guid":{"rendered":"http:\/\/todoapulmon-rafaela.com\/?p=19755"},"modified":"2019-11-17T20:12:23","modified_gmt":"2019-11-17T20:12:23","slug":"oro-para-mansilla-y-vegetti-en-el-cierre-del-argentino-de-pista-master","status":"publish","type":"post","link":"https:\/\/todoapulmon-rafaela.com\/index.php\/2019\/11\/17\/oro-para-mansilla-y-vegetti-en-el-cierre-del-argentino-de-pista-master\/","title":{"rendered":"Oro para Mansilla y Vegetti en el cierre del Argentino de Pista Master"},"content":{"rendered":"<p>Culmin\u00f3 este domingo en el vel\u00f3dromo marplatense \u00abJulio Polet\u00bb el Campeonato Argentino de Pista para Elite II, Masters y Damas, con nuevas satisfacciones para la delegaci\u00f3n del Club Ciclista de Rafaela y ACCOS. Luis Vegetti en C1 y Carlos Mansilla en A1, obtuvieron medalla de oro en la especialidad de vueltas puntables.<\/p>\n<figure id=\"attachment_19756\" aria-describedby=\"caption-attachment-19756\" style=\"width: 300px\" class=\"wp-caption alignnone\"><img loading=\"lazy\" decoding=\"async\" class=\"size-medium wp-image-19756\" src=\"http:\/\/todoapulmon-rafaela.com\/wp-content\/uploads\/2019\/11\/Vegetti-campeon-Master-1-300x169.jpg\" alt=\"El podio triunfador de Luis Vegetti.\" width=\"300\" height=\"169\" srcset=\"https:\/\/todoapulmon-rafaela.com\/wp-content\/uploads\/2019\/11\/Vegetti-campeon-Master-1-300x169.jpg 300w, https:\/\/todoapulmon-rafaela.com\/wp-content\/uploads\/2019\/11\/Vegetti-campeon-Master-1.jpg 960w\" sizes=\"(max-width: 300px) 100vw, 300px\" \/><figcaption id=\"caption-attachment-19756\" class=\"wp-caption-text\">El podio triunfador de Luis Vegetti.<\/figcaption><\/figure>\n<p>Recordemos que los pedalistas entrenados por Daniel y Norberto Capella hab\u00edan conseguido satisfacciones en la jornada del viernes. Ese d\u00eda Vegetti obtuvo el primer puesto en persecuci\u00f3n individual, mientras que Mansilla consigui\u00f3 el segundo puesto en la mencionada prueba.<\/p>\n<p>Este es el detalle de las clasificaciones del domingo:<\/p>\n<p><strong>CLASIFICACION PUNTABLE C1<\/strong><\/p>\n<table width=\"655\">\n<tbody>\n<tr>\n<td width=\"66\"><strong>ORO<\/strong><\/td>\n<td width=\"167\">VEGETTI<\/td>\n<td width=\"181\">LUIS MARIO ANTONIO<\/td>\n<td width=\"151\">ACCOS<\/td>\n<td width=\"90\">20 Ptos<\/td>\n<\/tr>\n<tr>\n<td width=\"66\">PLATA<\/td>\n<td width=\"167\">POZZOLI<\/td>\n<td width=\"181\">ADRIAN MARCOS<\/td>\n<td width=\"151\">LA PLATA<\/td>\n<td width=\"90\">20<\/td>\n<\/tr>\n<tr>\n<td width=\"66\">BRONCE<\/td>\n<td width=\"167\">BRIVIO<\/td>\n<td width=\"181\">CARLOS<\/td>\n<td width=\"151\">LA PLATA<\/td>\n<td width=\"90\">13<\/td>\n<\/tr>\n<\/tbody>\n<\/table>\n<p><strong>CLASIFICACION PUNTABLE MASTER A1<\/strong><\/p>\n<table width=\"705\">\n<tbody>\n<tr>\n<td width=\"67\"><strong>ORO<\/strong><\/td>\n<td width=\"167\">MANSILLA<\/td>\n<td width=\"215\">CARLOS RUBEN DARIO<\/td>\n<td width=\"147\">ACCOS<\/td>\n<td width=\"110\">34 PTOS<\/td>\n<\/tr>\n<tr>\n<td width=\"67\"><strong>PLATA<\/strong><\/td>\n<td width=\"167\">DENTELLA<\/td>\n<td width=\"215\">CRISTIAN<\/td>\n<td width=\"147\">JUNINENSE<\/td>\n<td width=\"110\">32 PTOS<\/td>\n<\/tr>\n<tr>\n<td width=\"67\"><strong>BRONCE<\/strong><\/td>\n<td width=\"167\">OLIVIERI<\/td>\n<td width=\"215\">ALAN EMMANUEL<\/td>\n<td width=\"147\">CHAQUE\u00d1A<\/td>\n<td width=\"110\">31 PTOS<\/td>\n<\/tr>\n<\/tbody>\n<\/table>\n","protected":false},"excerpt":{"rendered":"<p>Culmin\u00f3 este domingo en el vel\u00f3dromo marplatense \u00abJulio Polet\u00bb el Campeonato Argentino de Pista para Elite II, Masters y Damas,<\/p>\n","protected":false},"author":2,"featured_media":19757,"comment_status":"open","ping_status":"open","sticky":false,"template":"","format":"standard","meta":{"footnotes":""},"categories":[4,24],"tags":[],"class_list":["post-19755","post","type-post","status-publish","format-standard","has-post-thumbnail","hentry","category-ciclismo","category-noticias-destacadas"],"cc_featured_image_caption":{"caption_text":"Carlos Mansilla tuvo un muy buen cierre del Argentino Master (foto D. Capella).","source_text":"","source_url":""},"_links":{"self":[{"href":"https:\/\/todoapulmon-rafaela.com\/index.php\/wp-json\/wp\/v2\/posts\/19755"}],"collection":[{"href":"https:\/\/todoapulmon-rafaela.com\/index.php\/wp-json\/wp\/v2\/posts"}],"about":[{"href":"https:\/\/todoapulmon-rafaela.com\/index.php\/wp-json\/wp\/v2\/types\/post"}],"author":[{"embeddable":true,"href":"https:\/\/todoapulmon-rafaela.com\/index.php\/wp-json\/wp\/v2\/users\/2"}],"replies":[{"embeddable":true,"href":"https:\/\/todoapulmon-rafaela.com\/index.php\/wp-json\/wp\/v2\/comments?post=19755"}],"version-history":[{"count":1,"href":"https:\/\/todoapulmon-rafaela.com\/index.php\/wp-json\/wp\/v2\/posts\/19755\/revisions"}],"predecessor-version":[{"id":19758,"href":"https:\/\/todoapulmon-rafaela.com\/index.php\/wp-json\/wp\/v2\/posts\/19755\/revisions\/19758"}],"wp:featuredmedia":[{"embeddable":true,"href":"https:\/\/todoapulmon-rafaela.com\/index.php\/wp-json\/wp\/v2\/media\/19757"}],"wp:attachment":[{"href":"https:\/\/todoapulmon-rafaela.com\/index.php\/wp-json\/wp\/v2\/media?parent=19755"}],"wp:term":[{"taxonomy":"category","embeddable":true,"href":"https:\/\/todoapulmon-rafaela.com\/index.php\/wp-json\/wp\/v2\/categories?post=19755"},{"taxonomy":"post_tag","embeddable":true,"href":"https:\/\/todoapulmon-rafaela.com\/index.php\/wp-json\/wp\/v2\/tags?post=19755"}],"curies":[{"name":"wp","href":"https:\/\/api.w.org\/{rel}","templated":true}]}}