{"id":19603,"date":"2019-11-03T23:53:21","date_gmt":"2019-11-03T23:53:21","guid":{"rendered":"http:\/\/todoapulmon-rafaela.com\/?p=19603"},"modified":"2019-11-03T23:53:21","modified_gmt":"2019-11-03T23:53:21","slug":"sergio-peretti-fue-segundo-en-nordelta-y-clasifico-al-mundial","status":"publish","type":"post","link":"https:\/\/todoapulmon-rafaela.com\/index.php\/2019\/11\/03\/sergio-peretti-fue-segundo-en-nordelta-y-clasifico-al-mundial\/","title":{"rendered":"Sergio Peretti fue segundo en Nordelta y clasific\u00f3 al Mundial"},"content":{"rendered":"<p>Fue una jornada de fiesta para el triatl\u00f3n argentino hoy en Nordelta, donde una vez m\u00e1s se llev\u00f3 a cabo el Ironman 70.3 Buenos Aires, Campeonato Sudamericano, que reparti\u00f3 75 slots entre 1600 participantes para el Campeonato del Mundo de 2020 en Taup\u00f4, Nueva Zelanda.<\/p>\n<p>Y quien consigui\u00f3 una vez m\u00e1s ese objetivo fue Sergio Peretti. Como sucediera en Estados Unidos 2017, Sud\u00e1frica 2018 y Francia 2019, el a\u00f1o que viene tiene su lugar asegurado para la cita mayor que se dar\u00e1 en Ocean\u00eda.<\/p>\n<p><img loading=\"lazy\" decoding=\"async\" class=\"alignnone size-medium wp-image-19605\" src=\"http:\/\/todoapulmon-rafaela.com\/wp-content\/uploads\/2019\/11\/Peretti-Nordelta-2019-225x300.jpg\" alt=\"Peretti Nordelta 2019\" width=\"225\" height=\"300\" srcset=\"https:\/\/todoapulmon-rafaela.com\/wp-content\/uploads\/2019\/11\/Peretti-Nordelta-2019-225x300.jpg 225w, https:\/\/todoapulmon-rafaela.com\/wp-content\/uploads\/2019\/11\/Peretti-Nordelta-2019.jpg 864w\" sizes=\"(max-width: 225px) 100vw, 225px\" \/><\/p>\n<p>El rafaelino complet\u00f3 el recorrido en\u00a04h44m47s. Fue\u00a0<span class=\"text_exposed_show\">2\u00ba entre 48 participantes en la categor\u00eda de 55 a 59 a\u00f1os y qued\u00f3 130\u00ba de 945 protagonistas en la general masculina. Este resultado le permiti\u00f3 obtener otra vez con gran antelaci\u00f3n la clasificaci\u00f3n.<\/span><\/p>\n<p>En tanto, Susana Hauswirth tuvo un tiempo de 5h30m59s para quedar clasificada 4\u00aa de 30 participantes en la categor\u00eda de 50 a 54 a\u00f1os. Una penalizaci\u00f3n en el tramo de ciclismo le quit\u00f3 aspiraciones cuando ven\u00eda con buenas chances. Qued\u00f3 72\u00aa de 217 participantes en la general femenina.<\/p>\n<p>Tambi\u00e9n compiti\u00f3 Guillermo Tallano, del grupo Wayra-Running Team. El oriundo de Sastre y radicado en Rafaela tuvo un tiempo de 5h23m16s, siendo 99\u00ba de 191 participantes en la categor\u00eda de 35 a 39 a\u00f1os. Adem\u00e1s, clasific\u00f3 430\u00ba de 945 en la general masculina.<\/p>\n<div class=\"text_exposed_show\">\n<p>Entre los atletas de elite, las victorias fueron para los estadounidenses Rodolphe Von Berg\u00a0(ganador en 2018) y Chelsea Sodaro.<\/p>\n<p>En varones el espa\u00f1ol\u00a0Pablo Dapena marchaba primero en la media marat\u00f3n hasta el kil\u00f3metro 13, cuando Von Berg por fin lo alcanz\u00f3 para llegar solo a la meta y coronarse campe\u00f3n en Nordelta, con un tiempo final de 3h37m37s.<\/p>\n<p>Los mejores argentinos, entre los hombres, fueron Flavio Morandini, que debutaba en la distancia y termin\u00f3 octavo (3h53m23s), y Mario De El\u00edas, que ven\u00eda de competir en Kona (3h56m02s). En damas\u00a0una vez m\u00e1s, fue Romina Palacio Balena, con un tiempo de 4h29m23s.<\/p>\n<\/div>\n","protected":false},"excerpt":{"rendered":"<p>Fue una jornada de fiesta para el triatl\u00f3n argentino hoy en Nordelta, donde una vez m\u00e1s se llev\u00f3 a cabo<\/p>\n","protected":false},"author":2,"featured_media":19604,"comment_status":"open","ping_status":"open","sticky":false,"template":"","format":"standard","meta":{"footnotes":""},"categories":[24,28],"tags":[],"class_list":["post-19603","post","type-post","status-publish","format-standard","has-post-thumbnail","hentry","category-noticias-destacadas","category-triatlon"],"cc_featured_image_caption":{"caption_text":"Sergio Peretti, a la izquierda, disfrutando en la premiaci\u00f3n del segundo puesto y la clasificaci\u00f3n al Mundial.","source_text":"","source_url":""},"_links":{"self":[{"href":"https:\/\/todoapulmon-rafaela.com\/index.php\/wp-json\/wp\/v2\/posts\/19603"}],"collection":[{"href":"https:\/\/todoapulmon-rafaela.com\/index.php\/wp-json\/wp\/v2\/posts"}],"about":[{"href":"https:\/\/todoapulmon-rafaela.com\/index.php\/wp-json\/wp\/v2\/types\/post"}],"author":[{"embeddable":true,"href":"https:\/\/todoapulmon-rafaela.com\/index.php\/wp-json\/wp\/v2\/users\/2"}],"replies":[{"embeddable":true,"href":"https:\/\/todoapulmon-rafaela.com\/index.php\/wp-json\/wp\/v2\/comments?post=19603"}],"version-history":[{"count":1,"href":"https:\/\/todoapulmon-rafaela.com\/index.php\/wp-json\/wp\/v2\/posts\/19603\/revisions"}],"predecessor-version":[{"id":19606,"href":"https:\/\/todoapulmon-rafaela.com\/index.php\/wp-json\/wp\/v2\/posts\/19603\/revisions\/19606"}],"wp:featuredmedia":[{"embeddable":true,"href":"https:\/\/todoapulmon-rafaela.com\/index.php\/wp-json\/wp\/v2\/media\/19604"}],"wp:attachment":[{"href":"https:\/\/todoapulmon-rafaela.com\/index.php\/wp-json\/wp\/v2\/media?parent=19603"}],"wp:term":[{"taxonomy":"category","embeddable":true,"href":"https:\/\/todoapulmon-rafaela.com\/index.php\/wp-json\/wp\/v2\/categories?post=19603"},{"taxonomy":"post_tag","embeddable":true,"href":"https:\/\/todoapulmon-rafaela.com\/index.php\/wp-json\/wp\/v2\/tags?post=19603"}],"curies":[{"name":"wp","href":"https:\/\/api.w.org\/{rel}","templated":true}]}}