{"id":19592,"date":"2019-11-03T23:02:13","date_gmt":"2019-11-03T23:02:13","guid":{"rendered":"http:\/\/todoapulmon-rafaela.com\/?p=19592"},"modified":"2019-11-04T00:17:02","modified_gmt":"2019-11-04T00:17:02","slug":"gran-actuacion-del-atletismo-rafaelino-en-los-nacionales-u16-y-u18","status":"publish","type":"post","link":"https:\/\/todoapulmon-rafaela.com\/index.php\/2019\/11\/03\/gran-actuacion-del-atletismo-rafaelino-en-los-nacionales-u16-y-u18\/","title":{"rendered":"Gran actuaci\u00f3n del atletismo rafaelino en los Nacionales U16 y U18"},"content":{"rendered":"<p>Este domingo se cerraron en C\u00f3rdoba los campeonatos nacionales de Atletismo U16 y U18, donde nuevamente tuvieron una destacada performance los atletas de representantes de nuestra ciudad.<\/p>\n<p>En esta oportunidad se dio una situaci\u00f3n especial, ya que una de las figuras del campeonato fue rafaelina, pero representando a la FAM ya que lleva un par de a\u00f1os estudiando y entrenando en el CENARD. Nos referimos a Pedro Emmert, que obtuvo el doblete de triunfos con 400 y 800 metros llanos.<\/p>\n<p>En la pista del complejo \u00abMario Alberto Kempes\u00bb\u00a0el viernes gan\u00f3 la medalla dorada en los 400 con un tiempo de 49s69. Segundo finaliz\u00f3 M\u00e1ximo Peratz (BA) y tercero I\u00f1aki Teira. Un d\u00eda despu\u00e9s\u00a0se impuso en los 800 metros, con su mejor registro de 1m54s44\/100. En segunda posici\u00f3n arrib\u00f3 Jonathan M\u00e9ndez (Formosa) con 1m55s02, mientras que tercero fue Vicente G\u00f3mez (FAM). Asimismo integr\u00f3 la posta 8&#215;300 campeona.<\/p>\n<p>En ambas pruebas, el ex triatleta es el l\u00edder del ranking nacional de la categor\u00eda, haciendo la salvedad que es 2002. Con el dato trascendente que lleva poco m\u00e1s de dos meses volcado de lleno a esta disciplina y con r\u00e1pidos progresos ratificados en este Nacional.<\/p>\n<p>La otra medalla de oro en pruebas individuales fue tambi\u00e9n en la categor\u00eda U18 por intermedio de Araceli Mondino. El viernes domin\u00f3 la prueba de velocidad de los 100 mts con vallas, con su mejor marca personal de 14s48. Se impuso por cuatro cent\u00e9simas a Catalina Gonzalez Araujo (FAM), mientras que el podio lo complet\u00f3 Yamila Malicia (Mendoza).<\/p>\n<figure id=\"attachment_19594\" aria-describedby=\"caption-attachment-19594\" style=\"width: 189px\" class=\"wp-caption alignnone\"><img loading=\"lazy\" decoding=\"async\" class=\"size-medium wp-image-19594\" src=\"http:\/\/todoapulmon-rafaela.com\/wp-content\/uploads\/2019\/11\/Ara-Mondino-podio-u18-189x300.jpg\" alt=\"Ara Mondino, triunfadora en vallas.\" width=\"189\" height=\"300\" srcset=\"https:\/\/todoapulmon-rafaela.com\/wp-content\/uploads\/2019\/11\/Ara-Mondino-podio-u18-189x300.jpg 189w, https:\/\/todoapulmon-rafaela.com\/wp-content\/uploads\/2019\/11\/Ara-Mondino-podio-u18.jpg 518w\" sizes=\"(max-width: 189px) 100vw, 189px\" \/><figcaption id=\"caption-attachment-19594\" class=\"wp-caption-text\">Ara Mondino, triunfadora en vallas.<\/figcaption><\/figure>\n<p>Adem\u00e1s hubo varias medallas de plata y bronce de la numerosa delegaci\u00f3n del CRAS que integr\u00f3 el equipo de nuestra provincia. En la mayor\u00eda de los casos con notorias mejor\u00edas de marcas personales y destacando que son chicos que pueden tener otro a\u00f1o en la categor\u00eda.<\/p>\n<p>Federica Bogado se destac\u00f3 con dos medallas de plata, en U16. En martillo con una marca de 44m15cm, a s\u00f3lo 7 cm. de la ganadora, Juliana Baigorria (Neuqu\u00e9n). Y este domingo en salto triple con 10m22, competencia donde gan\u00f3 Joaquina Dura (BA) con 11m63.<\/p>\n<figure id=\"attachment_19595\" aria-describedby=\"caption-attachment-19595\" style=\"width: 300px\" class=\"wp-caption alignnone\"><img loading=\"lazy\" decoding=\"async\" class=\"size-medium wp-image-19595\" src=\"http:\/\/todoapulmon-rafaela.com\/wp-content\/uploads\/2019\/11\/Plata-Bogado-triple-300x300.jpg\" alt=\"Federica Bogado obtuvo dos medallas de plata.\" width=\"300\" height=\"300\" srcset=\"https:\/\/todoapulmon-rafaela.com\/wp-content\/uploads\/2019\/11\/Plata-Bogado-triple-300x300.jpg 300w, https:\/\/todoapulmon-rafaela.com\/wp-content\/uploads\/2019\/11\/Plata-Bogado-triple-150x150.jpg 150w, https:\/\/todoapulmon-rafaela.com\/wp-content\/uploads\/2019\/11\/Plata-Bogado-triple.jpg 769w\" sizes=\"(max-width: 300px) 100vw, 300px\" \/><figcaption id=\"caption-attachment-19595\" class=\"wp-caption-text\">Federica Bogado obtuvo dos medallas de plata.<\/figcaption><\/figure>\n<p>Mateo M\u00e9ndez fue segundo en la prueba de lanzamiento de martillo U16 con 59m97, y adem\u00e1s integr\u00f3 la posta 5&#215;80 que obtuvo la medalla de oro.<br \/>\nEn la misma especialidad, pero en U18, Valentin Menossi qued\u00f3 3ro. En un desarrollo de gran nivel, los tres lanzadores mejoraron sus lanzamientos en toda la prueba. El atleta de CRAS entrenado por Leandro Bonamino estuvo primero, tercero, segundo, primero y finalmente qued\u00f3 tercero con un registro de 67m65. El ganador fue Luis Nu\u00f1ez de Chaco con 68m86 y segundo Sebasti\u00e1n Tomassi, de Entre R\u00edos, con 68m13.<br \/>\nTambi\u00e9n la presea de plata logr\u00f3 Abril Okon. Fue en salto en alto U16 con un registro de 1m53 cm.\u00a0Por su parte, Virginia Abb\u00e1 obtuvo el segundo puesto en martillo U18 con una marca de 47m20.<\/p>\n<figure id=\"attachment_19596\" aria-describedby=\"caption-attachment-19596\" style=\"width: 169px\" class=\"wp-caption alignnone\"><img loading=\"lazy\" decoding=\"async\" class=\"size-medium wp-image-19596\" src=\"http:\/\/todoapulmon-rafaela.com\/wp-content\/uploads\/2019\/11\/Menossi-U18-169x300.jpg\" alt=\"Vale Menossi y Leandro Bonamino.\" width=\"169\" height=\"300\" srcset=\"https:\/\/todoapulmon-rafaela.com\/wp-content\/uploads\/2019\/11\/Menossi-U18-169x300.jpg 169w, https:\/\/todoapulmon-rafaela.com\/wp-content\/uploads\/2019\/11\/Menossi-U18.jpg 720w\" sizes=\"(max-width: 169px) 100vw, 169px\" \/><figcaption id=\"caption-attachment-19596\" class=\"wp-caption-text\">Vale Menossi y Leandro Bonamino.<\/figcaption><\/figure>\n<figure id=\"attachment_19597\" aria-describedby=\"caption-attachment-19597\" style=\"width: 225px\" class=\"wp-caption alignnone\"><img loading=\"lazy\" decoding=\"async\" class=\"size-medium wp-image-19597\" src=\"http:\/\/todoapulmon-rafaela.com\/wp-content\/uploads\/2019\/11\/Mendez-U18-225x300.jpg\" alt=\"El podio de Mateo M\u00e9ndez.\" width=\"225\" height=\"300\" srcset=\"https:\/\/todoapulmon-rafaela.com\/wp-content\/uploads\/2019\/11\/Mendez-U18-225x300.jpg 225w, https:\/\/todoapulmon-rafaela.com\/wp-content\/uploads\/2019\/11\/Mendez-U18-1125x1500.jpg 1125w, https:\/\/todoapulmon-rafaela.com\/wp-content\/uploads\/2019\/11\/Mendez-U18.jpg 1200w\" sizes=\"(max-width: 225px) 100vw, 225px\" \/><figcaption id=\"caption-attachment-19597\" class=\"wp-caption-text\">El podio de Mateo M\u00e9ndez.<\/figcaption><\/figure>\n<p>En este \u00faltimo d\u00eda del torneo tambi\u00e9n se registr\u00f3 la medalla de bronce de Carolina Su\u00e1rez en marcha 3.000 metros con 17m12s57. En esta prueba qued\u00f3 cuarta su compa\u00f1era Angelina Zanatta. Cabe acotar que Lucas Su\u00e1rez, hermano de Carolina, fue cuarto en su debut en el decathl\u00f3n.<\/p>\n<p>Asimismo, fue muy promisorio el debut como federado de Benjam\u00edn Castillo Molina en nacionales. Obtuvo la medalla de bronce U16 de los 600 metros, adem\u00e1s de meritorias performances en 2.400 metros y 1500 con obst\u00e1culos.<\/p>\n<figure id=\"attachment_19601\" aria-describedby=\"caption-attachment-19601\" style=\"width: 168px\" class=\"wp-caption alignnone\"><img loading=\"lazy\" decoding=\"async\" class=\"size-medium wp-image-19601\" src=\"http:\/\/todoapulmon-rafaela.com\/wp-content\/uploads\/2019\/11\/Benjamin-Castillo-U16-168x300.jpg\" alt=\"Benjamin Castillo, bronce en 600 metros.\" width=\"168\" height=\"300\" srcset=\"https:\/\/todoapulmon-rafaela.com\/wp-content\/uploads\/2019\/11\/Benjamin-Castillo-U16-168x300.jpg 168w, https:\/\/todoapulmon-rafaela.com\/wp-content\/uploads\/2019\/11\/Benjamin-Castillo-U16.jpg 584w\" sizes=\"(max-width: 168px) 100vw, 168px\" \/><figcaption id=\"caption-attachment-19601\" class=\"wp-caption-text\">Benjamin Castillo, bronce en 600 metros.<\/figcaption><\/figure>\n<p>Asimismo, la posta 5&#215;80 de Santa Fe fue segunda y tuvo como dos de sus integrantes a Camila Rodriguez y Abril Okon.<\/p>\n<p>Finalmente, merece mencionarse que Tom\u00e1s Mondino no tom\u00f3 parte del torneo por una molestia f\u00edsica y ante la cercan\u00eda del Sudamericano U14 que se realizar\u00e1 en Paraguay, se opt\u00f3 por no arriesgar.<\/p>\n<figure id=\"attachment_19598\" aria-describedby=\"caption-attachment-19598\" style=\"width: 300px\" class=\"wp-caption alignnone\"><img loading=\"lazy\" decoding=\"async\" class=\"size-medium wp-image-19598\" src=\"http:\/\/todoapulmon-rafaela.com\/wp-content\/uploads\/2019\/11\/Virginia-Abba-300x300.jpg\" alt=\"Virginia Abb\u00e1, plata en martillo.\" width=\"300\" height=\"300\" srcset=\"https:\/\/todoapulmon-rafaela.com\/wp-content\/uploads\/2019\/11\/Virginia-Abba-300x300.jpg 300w, https:\/\/todoapulmon-rafaela.com\/wp-content\/uploads\/2019\/11\/Virginia-Abba-150x150.jpg 150w, https:\/\/todoapulmon-rafaela.com\/wp-content\/uploads\/2019\/11\/Virginia-Abba.jpg 960w\" sizes=\"(max-width: 300px) 100vw, 300px\" \/><figcaption id=\"caption-attachment-19598\" class=\"wp-caption-text\">Virginia Abb\u00e1, plata en martillo.<\/figcaption><\/figure>\n","protected":false},"excerpt":{"rendered":"<p>Este domingo se cerraron en C\u00f3rdoba los campeonatos nacionales de Atletismo U16 y U18, donde nuevamente tuvieron una destacada performance<\/p>\n","protected":false},"author":2,"featured_media":19593,"comment_status":"open","ping_status":"open","sticky":false,"template":"","format":"standard","meta":{"footnotes":""},"categories":[7,24],"tags":[],"class_list":["post-19592","post","type-post","status-publish","format-standard","has-post-thumbnail","hentry","category-atletismo","category-noticias-destacadas"],"cc_featured_image_caption":{"caption_text":"El podio de los 400 metros donde se impuso Pedro Emmert.","source_text":"","source_url":""},"_links":{"self":[{"href":"https:\/\/todoapulmon-rafaela.com\/index.php\/wp-json\/wp\/v2\/posts\/19592"}],"collection":[{"href":"https:\/\/todoapulmon-rafaela.com\/index.php\/wp-json\/wp\/v2\/posts"}],"about":[{"href":"https:\/\/todoapulmon-rafaela.com\/index.php\/wp-json\/wp\/v2\/types\/post"}],"author":[{"embeddable":true,"href":"https:\/\/todoapulmon-rafaela.com\/index.php\/wp-json\/wp\/v2\/users\/2"}],"replies":[{"embeddable":true,"href":"https:\/\/todoapulmon-rafaela.com\/index.php\/wp-json\/wp\/v2\/comments?post=19592"}],"version-history":[{"count":4,"href":"https:\/\/todoapulmon-rafaela.com\/index.php\/wp-json\/wp\/v2\/posts\/19592\/revisions"}],"predecessor-version":[{"id":19607,"href":"https:\/\/todoapulmon-rafaela.com\/index.php\/wp-json\/wp\/v2\/posts\/19592\/revisions\/19607"}],"wp:featuredmedia":[{"embeddable":true,"href":"https:\/\/todoapulmon-rafaela.com\/index.php\/wp-json\/wp\/v2\/media\/19593"}],"wp:attachment":[{"href":"https:\/\/todoapulmon-rafaela.com\/index.php\/wp-json\/wp\/v2\/media?parent=19592"}],"wp:term":[{"taxonomy":"category","embeddable":true,"href":"https:\/\/todoapulmon-rafaela.com\/index.php\/wp-json\/wp\/v2\/categories?post=19592"},{"taxonomy":"post_tag","embeddable":true,"href":"https:\/\/todoapulmon-rafaela.com\/index.php\/wp-json\/wp\/v2\/tags?post=19592"}],"curies":[{"name":"wp","href":"https:\/\/api.w.org\/{rel}","templated":true}]}}