{"id":19563,"date":"2019-10-31T17:26:57","date_gmt":"2019-10-31T17:26:57","guid":{"rendered":"http:\/\/todoapulmon-rafaela.com\/?p=19563"},"modified":"2019-10-31T17:27:33","modified_gmt":"2019-10-31T17:27:33","slug":"entre-los-mejores-del-ranking-antes-del-nacional","status":"publish","type":"post","link":"https:\/\/todoapulmon-rafaela.com\/index.php\/2019\/10\/31\/entre-los-mejores-del-ranking-antes-del-nacional\/","title":{"rendered":"Destacados en el ranking, antes del Nacional"},"content":{"rendered":"<p>Este fin de semana se desarrollar\u00e1 en la pista del complejo \u00abMario Alberto Kempes\u00bb de C\u00f3rdoba el Campeonato Nacional, de las categor\u00edas U16 y U18, en el cual intervendr\u00e1n varios atletas de nuestra ciudad y zona, con 21 representantes de CRAS y 2 del CEF 53.<\/p>\n<p>Estas son las categor\u00edas m\u00e1s promisorias de cara al futuro de la disciplina, y en el caso de los representantes de Rafaela se lo puede aseverar perfectamente en una observaci\u00f3n de los rankings nacionales.<\/p>\n<p>Inclusive, en algunos casos podr\u00edan haber sido mejores de no haber surgido un problema t\u00e9cnico durante los Juegos Evita realizados en Mar del Plata. En esa ocasi\u00f3n, lamentablemente una diferencia de respuesta en la pistola de largada hizo que la CADA tuviera que anular todos los resultados de pista de los tres primeros d\u00edas del torneo, donde se hab\u00edan producido varios r\u00e9cords nacionales. Finalmente, el \u00fanico que es homologable es el registrado el d\u00eda 10 de octubre por Tom\u00e1s Mondino en la serie de 150 metros llanos de la categor\u00eda sub-14, donde par\u00f3 los cron\u00f3metros en 16.61 con un viento a favor de 1.5 m\/s.<\/p>\n<p><img loading=\"lazy\" decoding=\"async\" class=\"alignnone size-medium wp-image-19565\" src=\"http:\/\/todoapulmon-rafaela.com\/wp-content\/uploads\/2019\/10\/Carrera-Tomas-1-300x200.jpg\" alt=\"Carrera Tomas\" width=\"300\" height=\"200\" srcset=\"https:\/\/todoapulmon-rafaela.com\/wp-content\/uploads\/2019\/10\/Carrera-Tomas-1-300x200.jpg 300w, https:\/\/todoapulmon-rafaela.com\/wp-content\/uploads\/2019\/10\/Carrera-Tomas-1.jpg 1280w\" sizes=\"(max-width: 300px) 100vw, 300px\" \/><\/p>\n<p>La anterior plusmarca (16.62) estaba en poder del chubutense Nicol\u00e1s Molina desde el 16 de diciembre de 2016 en Medell\u00edn, de acuerdo a los registros publicados en la \u00faltima edici\u00f3n de la Revista del Atletismo Argentino. Mondino mejor\u00f3 a\u00fan m\u00e1s esa marca en la final al registrar un tiempo de 16.57 pero con un viento a favor antirreglamentario de 2.4 m\/s. Tomy\u00a0tambi\u00e9n se adjudic\u00f3 los 80 llanos con 9.02, marca que no se homologar\u00e1 como r\u00e9cord nacional.<\/p>\n<p>En la misma categor\u00eda tambi\u00e9n se registraron otras tres mejores marcas nacionales del a\u00f1o, todas en mujeres, y una de ellas es la de 3000 metros marcha por intermedio de Angelina Zanatta, registrando un tiempo de 17:01.18.<\/p>\n<p>En la previa del Nacional, repasamos los principales r\u00e1nkings de atletas de Rafaela en las dos categor\u00edas, tomando los 3 primeros:<\/p>\n<p><img loading=\"lazy\" decoding=\"async\" class=\"alignnone size-medium wp-image-19566\" src=\"http:\/\/todoapulmon-rafaela.com\/wp-content\/uploads\/2019\/10\/Pedro-Emmert-Buenos-Aires-141x300.jpg\" alt=\"Pedro Emmert Buenos Aires\" width=\"141\" height=\"300\" srcset=\"https:\/\/todoapulmon-rafaela.com\/wp-content\/uploads\/2019\/10\/Pedro-Emmert-Buenos-Aires-141x300.jpg 141w, https:\/\/todoapulmon-rafaela.com\/wp-content\/uploads\/2019\/10\/Pedro-Emmert-Buenos-Aires.jpg 155w\" sizes=\"(max-width: 141px) 100vw, 141px\" \/><\/p>\n<p><strong>400 metros llanos U18<\/strong><\/p>\n<p><strong>Pedro Emmert 49.50<\/strong><\/p>\n<p>I\u00f1aki Teira 50.14<\/p>\n<p>Bautista Diamante 50.76<\/p>\n<p><strong>800 metros llanos U18<\/strong><\/p>\n<p><strong>Pedro Emmert 1:55.31<\/strong><\/p>\n<p>Vicente G\u00f3mez 1:56.36<\/p>\n<p>Alejo N. Britez 1:57.01<\/p>\n<p><strong>Lanz. de martillo (5k) U18<\/strong><\/p>\n<p>Sebasti\u00e1n Tomassi 68.88<\/p>\n<p>Alan Spessot 64.64<\/p>\n<p><strong>Valent\u00edn Menossi 64.39<\/strong><\/p>\n<p><strong>100 metros con vallas U18<\/strong><\/p>\n<p>Mariam Buenanueva 13.81<\/p>\n<p>Valentina Polanco 14.23<\/p>\n<p><strong>Araceli Mondino 14.37<\/strong><\/p>\n<p><strong>Lanz. de martillo (3k)\u00a0U18<\/strong><\/p>\n<p>Bel\u00e9n Badaracco 53.63<\/p>\n<p>Florencia Zago 52.59<\/p>\n<p><strong>Virginia Abba 50.38<\/strong><\/p>\n<p><strong>80 metros llanos U16<\/strong><\/p>\n<p>Eduardo Pereyra 9.08<\/p>\n<p><strong>Tom\u00e1s Mondino 9.18<\/strong><\/p>\n<p>Ilan Mat\u00edas Kohan 9.36<\/p>\n<p><strong>100 metros llanos U16<\/strong><\/p>\n<p>Eduardo Pereyra 11.36<\/p>\n<p><strong>Tom\u00e1s Mondino 11.52<\/strong><\/p>\n<p>Lucas Bustamante 11.55<\/p>\n<p><strong>200 metros llanos U16<\/strong><\/p>\n<p>Eduardo Pereyra 22.91<\/p>\n<p><strong>Tom\u00e1s Mondino 23.43<\/strong><\/p>\n<p>Gerardo Merlo 23.65<\/p>\n<p><strong>Lanz. de martillo (4k) U16<\/strong><\/p>\n<p>Tom\u00e1s Olivera 61.72<\/p>\n<p><strong>Mateo M\u00e9ndez 59.49<\/strong><\/p>\n<p>Jos\u00e9 M. Ibarra 54.00<\/p>\n<p><strong>80 metros con vallas U16<\/strong><\/p>\n<p>Maia Mora 12.12<\/p>\n<p>Lara Galasso 12.40<\/p>\n<p><strong>Abril Okon 12.56<\/strong><\/p>\n<p><strong>3000 metros marcha U16<\/strong><\/p>\n<p>Denise Soria 16:46.01<\/p>\n<p><strong>Angelina Zanatta 17:01.18<\/strong><\/p>\n<p><strong>Carolina Su\u00e1rez 17:10.40<\/strong><\/p>\n","protected":false},"excerpt":{"rendered":"<p>Este fin de semana se desarrollar\u00e1 en la pista del complejo \u00abMario Alberto Kempes\u00bb de C\u00f3rdoba el Campeonato Nacional, de<\/p>\n","protected":false},"author":2,"featured_media":19564,"comment_status":"open","ping_status":"open","sticky":false,"template":"","format":"standard","meta":{"footnotes":""},"categories":[7,24],"tags":[],"class_list":["post-19563","post","type-post","status-publish","format-standard","has-post-thumbnail","hentry","category-atletismo","category-noticias-destacadas"],"cc_featured_image_caption":{"caption_text":"CRAS tendr\u00e1 tres marchistas en la categor\u00eda U16, la campeona nacional Angelina Zanatta (centro), Carolina Su\u00e1rez y Valentina Gasparotti. Fueron los podios Provinciales y Grand Prix.","source_text":"","source_url":""},"_links":{"self":[{"href":"https:\/\/todoapulmon-rafaela.com\/index.php\/wp-json\/wp\/v2\/posts\/19563"}],"collection":[{"href":"https:\/\/todoapulmon-rafaela.com\/index.php\/wp-json\/wp\/v2\/posts"}],"about":[{"href":"https:\/\/todoapulmon-rafaela.com\/index.php\/wp-json\/wp\/v2\/types\/post"}],"author":[{"embeddable":true,"href":"https:\/\/todoapulmon-rafaela.com\/index.php\/wp-json\/wp\/v2\/users\/2"}],"replies":[{"embeddable":true,"href":"https:\/\/todoapulmon-rafaela.com\/index.php\/wp-json\/wp\/v2\/comments?post=19563"}],"version-history":[{"count":2,"href":"https:\/\/todoapulmon-rafaela.com\/index.php\/wp-json\/wp\/v2\/posts\/19563\/revisions"}],"predecessor-version":[{"id":19568,"href":"https:\/\/todoapulmon-rafaela.com\/index.php\/wp-json\/wp\/v2\/posts\/19563\/revisions\/19568"}],"wp:featuredmedia":[{"embeddable":true,"href":"https:\/\/todoapulmon-rafaela.com\/index.php\/wp-json\/wp\/v2\/media\/19564"}],"wp:attachment":[{"href":"https:\/\/todoapulmon-rafaela.com\/index.php\/wp-json\/wp\/v2\/media?parent=19563"}],"wp:term":[{"taxonomy":"category","embeddable":true,"href":"https:\/\/todoapulmon-rafaela.com\/index.php\/wp-json\/wp\/v2\/categories?post=19563"},{"taxonomy":"post_tag","embeddable":true,"href":"https:\/\/todoapulmon-rafaela.com\/index.php\/wp-json\/wp\/v2\/tags?post=19563"}],"curies":[{"name":"wp","href":"https:\/\/api.w.org\/{rel}","templated":true}]}}