{"id":19532,"date":"2019-10-30T10:17:51","date_gmt":"2019-10-30T10:17:51","guid":{"rendered":"http:\/\/todoapulmon-rafaela.com\/?p=19532"},"modified":"2019-10-30T10:18:51","modified_gmt":"2019-10-30T10:18:51","slug":"concentracion-en-rafaela-de-ciclistas-del-proyecto-dakar-2022","status":"publish","type":"post","link":"https:\/\/todoapulmon-rafaela.com\/index.php\/2019\/10\/30\/concentracion-en-rafaela-de-ciclistas-del-proyecto-dakar-2022\/","title":{"rendered":"Concentraci\u00f3n en Rafaela de ciclistas del proyecto Dakar 2022"},"content":{"rendered":"<p>El ciclismo ha comenzado un nuevo proceso de cara a los Juegos Ol\u00edmpicos de la Juventud. Como ocurriera hace cuatro a\u00f1os con el proyecto que desembocara en la participaci\u00f3n del rafaelino Yoel Vargas y otros chicos en Buenos Aires 2018, ahora es el inicio de las primeras concentraciones para ir observando a las promesas de este deporte en el pa\u00eds, con el objetivo de la cita que se disputar\u00e1 en Dakar, Senegal, en 2022.<\/p>\n<p>El Club Ciclista de Rafaela estar\u00e1 recibiendo a casi 40 pedalistas de pr\u00e1cticamente todo el territorio argentino, que ser\u00e1n evaluados por el cuerpo t\u00e9cnico a cargo de Walter P\u00e9rez, con Mart\u00edn Ferrari, Daniel Capella, Cristian Romero y Ra\u00fal Alanis. M\u00e1s all\u00e1 del trabajo en pista o espec\u00edfico de la disciplina, habr\u00e1 actividades complementarias para capacitar a los deportistas.<\/p>\n<p>Este es el detalle:<\/p>\n<p><strong>CRONOGRAMA DE ACTIVIDADES \u2013\u00a0 RAFAELA 1 AL 3 DE NOVIEMBRE DE 2019<\/strong><\/p>\n<p><strong>JUEVES 31\/10:\u00a0<\/strong>Llegada de ciclistas.<\/p>\n<p><strong>VIERNES 1<\/strong><\/p>\n<p>8 hs: DESAYUNO.<\/p>\n<p>8.30 hs preparativos para entrenar.<\/p>\n<p>9.00 hs charla de\u00a0<strong>YOEL VARGAS<\/strong>. \u201cExperiencia Juegos Ol\u00edmpicos 2018\u201d.<\/p>\n<p>Palabras de bienvenida y breve explicaci\u00f3n del cronograma de actividades del campamento, reconocimiento de las instalaciones y reglas de convivencia.<\/p>\n<p>10 a 11.30 hs: Salida regenerativa, circuito del aut\u00f3dromo (mtb y ruteros juntos).<\/p>\n<p>12.30 hs: ALMUERZO.<\/p>\n<p>14.00 hs: Charla psic\u00f3logo. (Motivaci\u00f3n, concentraci\u00f3n, etc). Lic.\u00a0<strong>VANINA SCARAFIA.<\/strong><\/p>\n<p>15:00 hs: Entrenamiento de la tarde.<\/p>\n<p>18 HS MERIENDA.<\/p>\n<p>18.30 hs: Charla de cuidados personales, prevenci\u00f3n de lesiones. Personal del hospital y kinesi\u00f3logos.<\/p>\n<p>19.30 hs: Charla nutricionista. Lic.\u00a0<strong>MELINA ROSSI.<\/strong><\/p>\n<p>21.30 hs: CENA.<\/p>\n<p><strong>SABADO 2<\/strong><\/p>\n<p>8.30 hs: DESAYUNO.<\/p>\n<p>9.30 a 11.00 hs: Salida regenerativa.<\/p>\n<p>12:00 hs: ALMUERZO.<\/p>\n<p>14:00 hs Entrenamiento de la tarde.<\/p>\n<p>17.30 hs: MERIENDA.<\/p>\n<p>18 hs: \u201cTrabajos de gimnasio. Armamos un circuito de pesas en la pista, concientizaci\u00f3n\u201d. A cargo de\u00a0<strong>MARCELO BORIO.<\/strong><\/p>\n<p>19.30 hs: Charla de olimpismo a cargo de\u00a0<strong>WALTER PEREZ<\/strong>.<\/p>\n<p>21:00 hs: Cena.<\/p>\n<p>22:00 Charla: \u201cPreparativos para la competencia\u201d.\u00a0<strong>\u00a0GUSTAVO ALARIA.<\/strong><\/p>\n<p><strong>DOMINGO 3<\/strong><\/p>\n<p>8:00 hs: DESAYUNO.<\/p>\n<p>10:00 hs Juegos y competencias en equipo.<\/p>\n<p>13 hs: ALMUERZO.<\/p>\n<p>FINAL CIERRE del CAMPUS.<\/p>\n<p><strong>Charla explicativa a los ciclistas de como seguir\u00e1 el plan de trabajo con mira a objetivos\u2026 CAMPEONATO ARGENTINO DE RUTA Y MTB, QUE SER\u00c1N FILTROS PARA LA CONTINUIDAD EN EL PROYECTO.<\/strong><\/p>\n","protected":false},"excerpt":{"rendered":"<p>El ciclismo ha comenzado un nuevo proceso de cara a los Juegos Ol\u00edmpicos de la Juventud. Como ocurriera hace cuatro<\/p>\n","protected":false},"author":2,"featured_media":19533,"comment_status":"open","ping_status":"open","sticky":false,"template":"","format":"standard","meta":{"footnotes":""},"categories":[4,24],"tags":[],"class_list":["post-19532","post","type-post","status-publish","format-standard","has-post-thumbnail","hentry","category-ciclismo","category-noticias-destacadas"],"cc_featured_image_caption":{"caption_text":"El Club Ciclista ser\u00e1 el epicentro de los trabajos.","source_text":"","source_url":""},"_links":{"self":[{"href":"https:\/\/todoapulmon-rafaela.com\/index.php\/wp-json\/wp\/v2\/posts\/19532"}],"collection":[{"href":"https:\/\/todoapulmon-rafaela.com\/index.php\/wp-json\/wp\/v2\/posts"}],"about":[{"href":"https:\/\/todoapulmon-rafaela.com\/index.php\/wp-json\/wp\/v2\/types\/post"}],"author":[{"embeddable":true,"href":"https:\/\/todoapulmon-rafaela.com\/index.php\/wp-json\/wp\/v2\/users\/2"}],"replies":[{"embeddable":true,"href":"https:\/\/todoapulmon-rafaela.com\/index.php\/wp-json\/wp\/v2\/comments?post=19532"}],"version-history":[{"count":2,"href":"https:\/\/todoapulmon-rafaela.com\/index.php\/wp-json\/wp\/v2\/posts\/19532\/revisions"}],"predecessor-version":[{"id":19535,"href":"https:\/\/todoapulmon-rafaela.com\/index.php\/wp-json\/wp\/v2\/posts\/19532\/revisions\/19535"}],"wp:featuredmedia":[{"embeddable":true,"href":"https:\/\/todoapulmon-rafaela.com\/index.php\/wp-json\/wp\/v2\/media\/19533"}],"wp:attachment":[{"href":"https:\/\/todoapulmon-rafaela.com\/index.php\/wp-json\/wp\/v2\/media?parent=19532"}],"wp:term":[{"taxonomy":"category","embeddable":true,"href":"https:\/\/todoapulmon-rafaela.com\/index.php\/wp-json\/wp\/v2\/categories?post=19532"},{"taxonomy":"post_tag","embeddable":true,"href":"https:\/\/todoapulmon-rafaela.com\/index.php\/wp-json\/wp\/v2\/tags?post=19532"}],"curies":[{"name":"wp","href":"https:\/\/api.w.org\/{rel}","templated":true}]}}