{"id":19527,"date":"2019-10-29T16:33:37","date_gmt":"2019-10-29T16:33:37","guid":{"rendered":"http:\/\/todoapulmon-rafaela.com\/?p=19527"},"modified":"2019-10-29T16:35:40","modified_gmt":"2019-10-29T16:35:40","slug":"gimnastas-de-crear-con-un-muy-buen-nacional-en-mendoza","status":"publish","type":"post","link":"https:\/\/todoapulmon-rafaela.com\/index.php\/2019\/10\/29\/gimnastas-de-crear-con-un-muy-buen-nacional-en-mendoza\/","title":{"rendered":"Gimnastas de CREAR con un muy buen Nacional en Mendoza"},"content":{"rendered":"<p>Una destacada labor cumplieron las gimnastas de CREAR que participaron el pasado fin de semana en Mendoza del Campeonato Nacional Federativo Nivel B.\u00a0\u00a0La actividad se desarroll\u00f3 en las modernas instalaciones del estadio provincial Aconcagua Arena, en el Parque General San Mart\u00edn.<\/p>\n<p>Las alumnas entrenadas por el profesor V\u00edctor Ingaramo tuvieron meritorias performances en distintas categor\u00edas, de acuerdo al siguiente detalle:<\/p>\n<p>Valentina Peretto:\u00a0Subcampeona Nacional de Suelo, de Viga y de Salto Nivel B1 Mayor y 3\u00ba puesto all around.<\/p>\n<p>Lourdes Monges:\u00a0Subcampeona Nacional de Paralelas Nivel B2 Mayor.<br \/>\nLuc\u00eda Gonzales:\u00a0Subcampeona Nacional de Paralelas Nivel B2 Juvenil.<br \/>\nMagdalena Gaido:\u00a04\u00ba puesto en Viga de Equilibrio.<\/p>\n<p>El evento tuvo a 609 gimnastas intervinientes de 18 Federaciones de todo el pa\u00eds, dentro de este Nivel.<\/p>\n","protected":false},"excerpt":{"rendered":"<p>Una destacada labor cumplieron las gimnastas de CREAR que participaron el pasado fin de semana en Mendoza del Campeonato Nacional<\/p>\n","protected":false},"author":2,"featured_media":19528,"comment_status":"open","ping_status":"open","sticky":false,"template":"","format":"standard","meta":{"footnotes":""},"categories":[24],"tags":[],"class_list":["post-19527","post","type-post","status-publish","format-standard","has-post-thumbnail","hentry","category-noticias-destacadas"],"cc_featured_image_caption":{"caption_text":"Valentina Peretto, Lourdes Monges, V\u00edctor Ingaramo, Magdalena Gaido y Luc\u00eda Gonz\u00e1lez en Mendoza (foto CREAR Club).","source_text":"","source_url":""},"_links":{"self":[{"href":"https:\/\/todoapulmon-rafaela.com\/index.php\/wp-json\/wp\/v2\/posts\/19527"}],"collection":[{"href":"https:\/\/todoapulmon-rafaela.com\/index.php\/wp-json\/wp\/v2\/posts"}],"about":[{"href":"https:\/\/todoapulmon-rafaela.com\/index.php\/wp-json\/wp\/v2\/types\/post"}],"author":[{"embeddable":true,"href":"https:\/\/todoapulmon-rafaela.com\/index.php\/wp-json\/wp\/v2\/users\/2"}],"replies":[{"embeddable":true,"href":"https:\/\/todoapulmon-rafaela.com\/index.php\/wp-json\/wp\/v2\/comments?post=19527"}],"version-history":[{"count":3,"href":"https:\/\/todoapulmon-rafaela.com\/index.php\/wp-json\/wp\/v2\/posts\/19527\/revisions"}],"predecessor-version":[{"id":19531,"href":"https:\/\/todoapulmon-rafaela.com\/index.php\/wp-json\/wp\/v2\/posts\/19527\/revisions\/19531"}],"wp:featuredmedia":[{"embeddable":true,"href":"https:\/\/todoapulmon-rafaela.com\/index.php\/wp-json\/wp\/v2\/media\/19528"}],"wp:attachment":[{"href":"https:\/\/todoapulmon-rafaela.com\/index.php\/wp-json\/wp\/v2\/media?parent=19527"}],"wp:term":[{"taxonomy":"category","embeddable":true,"href":"https:\/\/todoapulmon-rafaela.com\/index.php\/wp-json\/wp\/v2\/categories?post=19527"},{"taxonomy":"post_tag","embeddable":true,"href":"https:\/\/todoapulmon-rafaela.com\/index.php\/wp-json\/wp\/v2\/tags?post=19527"}],"curies":[{"name":"wp","href":"https:\/\/api.w.org\/{rel}","templated":true}]}}