{"id":19508,"date":"2019-10-27T03:56:10","date_gmt":"2019-10-27T03:56:10","guid":{"rendered":"http:\/\/todoapulmon-rafaela.com\/?p=19508"},"modified":"2019-10-27T03:56:10","modified_gmt":"2019-10-27T03:56:10","slug":"numerosa-delegacion-de-cras-con-meritorias-performances-en-el-festival-u14","status":"publish","type":"post","link":"https:\/\/todoapulmon-rafaela.com\/index.php\/2019\/10\/27\/numerosa-delegacion-de-cras-con-meritorias-performances-en-el-festival-u14\/","title":{"rendered":"Numerosa delegaci\u00f3n de CRAS con meritorias performances en el Festival U14"},"content":{"rendered":"<p>Este s\u00e1bado se realiz\u00f3 en C\u00f3rdoba el Festival de Atletismo Nacional para la categor\u00eda U14. En dicha sede particip\u00f3 una nutrida delegaci\u00f3n de representantes del CRAS de nuestra ciudad. Los chicos disfrutaron de un muy lindo torneo y adem\u00e1s consiguieron muy buenos resultados y marcas.<\/p>\n<p>Este es el resumen:<\/p>\n<p><strong>Grupo Leandro Bonamino\/U14 &#8211; Categor\u00eda 2006:<\/strong><br \/>\n.<br \/>\n*Bruno Borghesi -5\u00b0 Puesto y Medalla en Combo 5 (80m, S.en Alto y Lanz.de Disco).<br \/>\n.<br \/>\n*Valentina Garc\u00eda<br \/>\n-1\u00b0 Puesto y Medalla de Oro en Combo 1 (80m cv, S.en Alto y Lanz.de Bala).<br \/>\n.<br \/>\n*Virginia Oggero<br \/>\n-5\u00b0 Puesto y Medalla en Combo 2 (S.en Largo, Lanz.de Bala y Lanz.de Martillo).<br \/>\n.<br \/>\n*Nahuel Pinardelli<br \/>\n-1\u00b0 Puesto y Medalla de Oro en Combo 2 (S.en Largo, Lanz.de Bala y Lanz.de Martillo).<br \/>\n.<br \/>\n*Leonardo Rodr\u00edguez<br \/>\n-Mejor marca de 80m ll de la jornada.<\/p>\n<p>*Martina Piedrabuena (Grupo Leandro y Laureano)<br \/>\n-1\u00b0 Puesto y Medalla de Oro en Combo 2 (S.en Largo, Lanz.de Bala y Lanz.de Martillo).<\/p>\n<p><strong>U14 &#8211; Categor\u00eda 2007<\/strong><br \/>\n.<br \/>\n*Lola Herrero<br \/>\n-1\u00b0 Puesto y Medalla de Oro en Combo 4 (80m ll, S.en Largo y 1600m Marcha).<br \/>\n.<br \/>\n*Lucas Zenger (Grupo Leandro y Laureano)<br \/>\n-2\u00b0 Puesto y Medalla de Plata en Combo 5 (80m ll, S.en Alto y Disco).<\/p>\n<p><strong>Grupo: Laureano Mu\u00f1oz\/U14 &#8211; Categor\u00eda 2007\/2008<\/strong><br \/>\n*Santino \u00c1valos<br \/>\n-Gran participaci\u00f3n en Combo 3 (80m ll, Lanz.de Jabalina y 1200m ll).<\/p>\n<p>*Santiago Daperno<br \/>\n-5\u00b0 Puesto y Medalla en Combo 3 (80m ll, Lanz.de Jabalina y 1200m).<br \/>\n.<br \/>\n*Angelo Tunnieneti<br \/>\n-1\u00b0 Puesto y Medalla de Oro en Combo 3 (80m ll, Lanz.de Jabalina y 1200m).<br \/>\n*Micaela Salazar<br \/>\n-2\u00b0 Puesto y Medalla de Plata en Combo 4 (80m ll, Salto en Largo y 1600m Marcha).<\/p>\n<p>*Alma V\u00e9liz<br \/>\n-3\u00b0 Puesto y Medalla de Bronce en Combo 4 (80m ll, S.en Largo y 1600m Marcha).<br \/>\n.<br \/>\n*Gast\u00f3n Zenckluzen<br \/>\n-3\u00b0 Puesto y de Bronce en Combo 1 (80m cv, S.en Alto y Lanz.de Bala).<\/p>\n<p>*Valentina Okon<br \/>\n-Mejor tiempo de las series de 80m ll.<br \/>\n.<br \/>\n*Antonela Toledo<br \/>\n-3\u00b0 Puesto y Medalla de Bronce en el Combo 1 (80m cv, S.en Alto y Lanz.de Bala).<\/p>\n<p><strong>Grupo Roc\u00edo Donnet\/U14-Categor\u00eda 2007\/2008<\/strong><br \/>\n.<br \/>\n*Tiziano Ribarosaa<br \/>\n-Gran participaci\u00f3n del combo 3 (80mll, Lanz.de Jabalina y 1200m).<br \/>\n.<br \/>\n*Pierina Alassia<br \/>\n-Gran participaci\u00f3n del combo 3 (80mll, Lanz.de Jabalina y 1200m).<br \/>\n.<br \/>\n*Julieta Broda<br \/>\n-2\u00b0 Puesto y Medalla de Plata en Combo 1 (80m cv, S.en Alto y Lanz.de Bala).<\/p>\n","protected":false},"excerpt":{"rendered":"<p>Este s\u00e1bado se realiz\u00f3 en C\u00f3rdoba el Festival de Atletismo Nacional para la categor\u00eda U14. En dicha sede particip\u00f3 una<\/p>\n","protected":false},"author":2,"featured_media":19509,"comment_status":"open","ping_status":"open","sticky":false,"template":"","format":"standard","meta":{"footnotes":""},"categories":[7,24],"tags":[],"class_list":["post-19508","post","type-post","status-publish","format-standard","has-post-thumbnail","hentry","category-atletismo","category-noticias-destacadas"],"cc_featured_image_caption":{"caption_text":"La delegaci\u00f3n en la pista \"Mario Alberto Kempes\" de C\u00f3rdoba (foto CRAS Oficial).","source_text":"","source_url":""},"_links":{"self":[{"href":"https:\/\/todoapulmon-rafaela.com\/index.php\/wp-json\/wp\/v2\/posts\/19508"}],"collection":[{"href":"https:\/\/todoapulmon-rafaela.com\/index.php\/wp-json\/wp\/v2\/posts"}],"about":[{"href":"https:\/\/todoapulmon-rafaela.com\/index.php\/wp-json\/wp\/v2\/types\/post"}],"author":[{"embeddable":true,"href":"https:\/\/todoapulmon-rafaela.com\/index.php\/wp-json\/wp\/v2\/users\/2"}],"replies":[{"embeddable":true,"href":"https:\/\/todoapulmon-rafaela.com\/index.php\/wp-json\/wp\/v2\/comments?post=19508"}],"version-history":[{"count":1,"href":"https:\/\/todoapulmon-rafaela.com\/index.php\/wp-json\/wp\/v2\/posts\/19508\/revisions"}],"predecessor-version":[{"id":19510,"href":"https:\/\/todoapulmon-rafaela.com\/index.php\/wp-json\/wp\/v2\/posts\/19508\/revisions\/19510"}],"wp:featuredmedia":[{"embeddable":true,"href":"https:\/\/todoapulmon-rafaela.com\/index.php\/wp-json\/wp\/v2\/media\/19509"}],"wp:attachment":[{"href":"https:\/\/todoapulmon-rafaela.com\/index.php\/wp-json\/wp\/v2\/media?parent=19508"}],"wp:term":[{"taxonomy":"category","embeddable":true,"href":"https:\/\/todoapulmon-rafaela.com\/index.php\/wp-json\/wp\/v2\/categories?post=19508"},{"taxonomy":"post_tag","embeddable":true,"href":"https:\/\/todoapulmon-rafaela.com\/index.php\/wp-json\/wp\/v2\/tags?post=19508"}],"curies":[{"name":"wp","href":"https:\/\/api.w.org\/{rel}","templated":true}]}}