{"id":19419,"date":"2019-10-16T16:41:32","date_gmt":"2019-10-16T16:41:32","guid":{"rendered":"http:\/\/todoapulmon-rafaela.com\/?p=19419"},"modified":"2019-10-16T16:41:32","modified_gmt":"2019-10-16T16:41:32","slug":"ciclismo-en-los-barrios-llega-a-plaza-italia","status":"publish","type":"post","link":"https:\/\/todoapulmon-rafaela.com\/index.php\/2019\/10\/16\/ciclismo-en-los-barrios-llega-a-plaza-italia\/","title":{"rendered":"Ciclismo en los barrios llega a Plaza Italia"},"content":{"rendered":"<p class=\"x_MsoNormal\">Este s\u00e1bado 19 de octubre, se desarrollar\u00e1 un nuevo encuentro del programa Ciclismo en los Barrios que organiza la Municipalidad de Rafaela con la colaboraci\u00f3n del club Ciclista de nuestra ciudad y el senador departamental Alcides Calvo.<\/p>\n<p class=\"x_MsoNormal\">El mismo se llevar\u00e1 a cabo en la Plaza Italia, y el comienzo de la actividad est\u00e1 previsto a las 15:30.<\/p>\n<p class=\"x_MsoNormal\">Cabe recordar que, como en las ediciones anteriores, participar\u00e1n ni\u00f1os, ni\u00f1as y j\u00f3venes de 5 a 12 a\u00f1os quienes podr\u00e1n inscribirse momentos antes de la prueba. Habr\u00e1 premios para los cinco primeros en todas las competencias y categor\u00edas y, adem\u00e1s, se sortear\u00e1 una bicicleta entre todos los participantes.<\/p>\n<p class=\"x_MsoNormal\">El programa, considerado como una pol\u00edtica de Estado, cumple 27\u00ba a\u00f1os ininterrumpidos siendo un pilar en el deporte rafaelino. Es una muestra del \u00e9xito que, a lo largo del tiempo, se ha consolidado como uno de los epicentros de generaci\u00f3n de nuevos valores que luego se proyectaron al alto rendimiento.<\/p>\n","protected":false},"excerpt":{"rendered":"<p>Este s\u00e1bado 19 de octubre, se desarrollar\u00e1 un nuevo encuentro del programa Ciclismo en los Barrios que organiza la Municipalidad<\/p>\n","protected":false},"author":2,"featured_media":19420,"comment_status":"open","ping_status":"open","sticky":false,"template":"","format":"standard","meta":{"footnotes":""},"categories":[4],"tags":[],"class_list":["post-19419","post","type-post","status-publish","format-standard","has-post-thumbnail","hentry","category-ciclismo"],"cc_featured_image_caption":{"caption_text":"El programa municipal se presentar\u00e1 este s\u00e1bado, a las 15:30, en la Plaza Italia (Jaime Ferr\u00e9 y Dest\u00e9fani) con entrada libre y gratuita.\r\n\r\n","source_text":"","source_url":""},"_links":{"self":[{"href":"https:\/\/todoapulmon-rafaela.com\/index.php\/wp-json\/wp\/v2\/posts\/19419"}],"collection":[{"href":"https:\/\/todoapulmon-rafaela.com\/index.php\/wp-json\/wp\/v2\/posts"}],"about":[{"href":"https:\/\/todoapulmon-rafaela.com\/index.php\/wp-json\/wp\/v2\/types\/post"}],"author":[{"embeddable":true,"href":"https:\/\/todoapulmon-rafaela.com\/index.php\/wp-json\/wp\/v2\/users\/2"}],"replies":[{"embeddable":true,"href":"https:\/\/todoapulmon-rafaela.com\/index.php\/wp-json\/wp\/v2\/comments?post=19419"}],"version-history":[{"count":1,"href":"https:\/\/todoapulmon-rafaela.com\/index.php\/wp-json\/wp\/v2\/posts\/19419\/revisions"}],"predecessor-version":[{"id":19421,"href":"https:\/\/todoapulmon-rafaela.com\/index.php\/wp-json\/wp\/v2\/posts\/19419\/revisions\/19421"}],"wp:featuredmedia":[{"embeddable":true,"href":"https:\/\/todoapulmon-rafaela.com\/index.php\/wp-json\/wp\/v2\/media\/19420"}],"wp:attachment":[{"href":"https:\/\/todoapulmon-rafaela.com\/index.php\/wp-json\/wp\/v2\/media?parent=19419"}],"wp:term":[{"taxonomy":"category","embeddable":true,"href":"https:\/\/todoapulmon-rafaela.com\/index.php\/wp-json\/wp\/v2\/categories?post=19419"},{"taxonomy":"post_tag","embeddable":true,"href":"https:\/\/todoapulmon-rafaela.com\/index.php\/wp-json\/wp\/v2\/tags?post=19419"}],"curies":[{"name":"wp","href":"https:\/\/api.w.org\/{rel}","templated":true}]}}