{"id":19400,"date":"2019-10-14T22:59:55","date_gmt":"2019-10-14T22:59:55","guid":{"rendered":"http:\/\/todoapulmon-rafaela.com\/?p=19400"},"modified":"2019-10-14T23:20:19","modified_gmt":"2019-10-14T23:20:19","slug":"el-half-triatlon-de-rosario-con-varias-presencias-rafaelinas-destacadas","status":"publish","type":"post","link":"https:\/\/todoapulmon-rafaela.com\/index.php\/2019\/10\/14\/el-half-triatlon-de-rosario-con-varias-presencias-rafaelinas-destacadas\/","title":{"rendered":"El Half Triatl\u00f3n de Rosario con varias presencias rafaelinas destacadas"},"content":{"rendered":"<p>Este fin de semana se realiz\u00f3 en Rosario el Half Triatl\u00f3n \u00abCuna de la Bandera\u00bb, una competencia que tuvo cabida para las categor\u00edas Promocional y Oficial. La primera con 400 metros de nataci\u00f3n, 22 km. de ciclismo y 4,5 km. de pedestrismo, y la restante la tradicional de 1,9 km. de nado, 90 km. de ciclismo y 21 km. de pedestrismo, contando en ambas con representantes de nuestra ciudad, desafiando el mal clima reinante con lluvia.<\/p>\n<p>En la prueba que reuni\u00f3 a buena parte de los mejores exponentes de la disciplina en el pa\u00eds, el rafaelino Pablo Bainotti fue d\u00e9cimo en la clasificaci\u00f3n general y primero en la categor\u00eda de 25 a 29 a\u00f1os acerc\u00e1ndose cada vez m\u00e1s a la franja de las 4 horas. Su tiempo, recordando que hace dos semanas corri\u00f3 en Concordia en 4h21, fue en la ciudad del sur santafesino de 4h12m34s.<\/p>\n<figure id=\"attachment_19402\" aria-describedby=\"caption-attachment-19402\" style=\"width: 300px\" class=\"wp-caption alignnone\"><img loading=\"lazy\" decoding=\"async\" class=\"size-medium wp-image-19402\" src=\"http:\/\/todoapulmon-rafaela.com\/wp-content\/uploads\/2019\/10\/Bainotti-Rosario-300x169.jpg\" alt=\"Pablo Bainotti (foto Compa\u00f1\u00eda de Deportes).\" width=\"300\" height=\"169\" srcset=\"https:\/\/todoapulmon-rafaela.com\/wp-content\/uploads\/2019\/10\/Bainotti-Rosario-300x169.jpg 300w, https:\/\/todoapulmon-rafaela.com\/wp-content\/uploads\/2019\/10\/Bainotti-Rosario.jpg 1440w\" sizes=\"(max-width: 300px) 100vw, 300px\" \/><figcaption id=\"caption-attachment-19402\" class=\"wp-caption-text\">Pablo Bainotti (foto Compa\u00f1\u00eda de Deportes).<\/figcaption><\/figure>\n<p>Por otra parte, un nuevo rafaelino hizo su debut en la distancia. Gast\u00f3n Guerrero tuvo una meritoria performance con un tiempo de 5h11m45s que lo ubic\u00f3 138 en la general masculina y 37 en su categor\u00eda (40 a 44).<\/p>\n<figure id=\"attachment_19403\" aria-describedby=\"caption-attachment-19403\" style=\"width: 171px\" class=\"wp-caption alignnone\"><img loading=\"lazy\" decoding=\"async\" class=\"size-medium wp-image-19403\" src=\"http:\/\/todoapulmon-rafaela.com\/wp-content\/uploads\/2019\/10\/Gaston-Guerrero-171x300.jpg\" alt=\"Gast\u00f3n Guerrero\" width=\"171\" height=\"300\" srcset=\"https:\/\/todoapulmon-rafaela.com\/wp-content\/uploads\/2019\/10\/Gaston-Guerrero-171x300.jpg 171w, https:\/\/todoapulmon-rafaela.com\/wp-content\/uploads\/2019\/10\/Gaston-Guerrero.jpg 548w\" sizes=\"(max-width: 171px) 100vw, 171px\" \/><figcaption id=\"caption-attachment-19403\" class=\"wp-caption-text\">Gast\u00f3n Guerrero<\/figcaption><\/figure>\n<p>En Promocional se dio la particularidad de la participaci\u00f3n de los tres hermanos Peretti. Sergio realiz\u00f3 la competencia como preparaci\u00f3n para el Sudamericano de Nordelta, a realizarse el mes pr\u00f3ximo. Gan\u00f3 la categor\u00eda de m\u00e1s de 50 a\u00f1os con un tiempo de 1h6m58s y qued\u00f3 d\u00e9cimo en la general promocional.<\/p>\n<p>En tanto, Mart\u00edn Peretti qued\u00f3 22\u00aa en la general con un tiempo de 1h10m39s y fue octavo en la categor\u00eda de 40 a 49 a\u00f1os. En tanto Luis Mar\u00eda Peretti, que se ha incorporado recientemente al Triatl\u00f3n, pudo completar la prueba en 1h31m55s.<\/p>\n<p>En damas, Susana Hauswirth gan\u00f3 la categor\u00eda de m\u00e1s de 50 a\u00f1os con un registro de 1h12m49s, y su hija\u00a0Catalina Ingaramo fue segunda en la categor\u00eda de 18 a 29 a\u00f1os con un tiempo de 1h16m21s,<\/p>\n<figure id=\"attachment_19404\" aria-describedby=\"caption-attachment-19404\" style=\"width: 263px\" class=\"wp-caption alignnone\"><img loading=\"lazy\" decoding=\"async\" class=\"size-medium wp-image-19404\" src=\"http:\/\/todoapulmon-rafaela.com\/wp-content\/uploads\/2019\/10\/Susana-263x300.jpg\" alt=\"Susana Hauswirth\" width=\"263\" height=\"300\" srcset=\"https:\/\/todoapulmon-rafaela.com\/wp-content\/uploads\/2019\/10\/Susana-263x300.jpg 263w, https:\/\/todoapulmon-rafaela.com\/wp-content\/uploads\/2019\/10\/Susana.jpg 711w\" sizes=\"(max-width: 263px) 100vw, 263px\" \/><figcaption id=\"caption-attachment-19404\" class=\"wp-caption-text\">Susana Hauswirth<\/figcaption><\/figure>\n<figure id=\"attachment_19405\" aria-describedby=\"caption-attachment-19405\" style=\"width: 300px\" class=\"wp-caption alignnone\"><img loading=\"lazy\" decoding=\"async\" class=\"size-medium wp-image-19405\" src=\"http:\/\/todoapulmon-rafaela.com\/wp-content\/uploads\/2019\/10\/Cata-Ingaramo-podio-300x201.jpg\" alt=\"Catalina Ingaramo, a la izquierda. (Foto Compa\u00f1\u00eda de Deportes).\" width=\"300\" height=\"201\" srcset=\"https:\/\/todoapulmon-rafaela.com\/wp-content\/uploads\/2019\/10\/Cata-Ingaramo-podio-300x201.jpg 300w, https:\/\/todoapulmon-rafaela.com\/wp-content\/uploads\/2019\/10\/Cata-Ingaramo-podio.jpg 960w\" sizes=\"(max-width: 300px) 100vw, 300px\" \/><figcaption id=\"caption-attachment-19405\" class=\"wp-caption-text\">Catalina Ingaramo, a la izquierda. (Foto Compa\u00f1\u00eda de Deportes).<\/figcaption><\/figure>\n","protected":false},"excerpt":{"rendered":"<p>Este fin de semana se realiz\u00f3 en Rosario el Half Triatl\u00f3n \u00abCuna de la Bandera\u00bb, una competencia que tuvo cabida<\/p>\n","protected":false},"author":2,"featured_media":19410,"comment_status":"open","ping_status":"open","sticky":false,"template":"","format":"standard","meta":{"footnotes":""},"categories":[24,28],"tags":[],"class_list":["post-19400","post","type-post","status-publish","format-standard","has-post-thumbnail","hentry","category-noticias-destacadas","category-triatlon"],"cc_featured_image_caption":{"caption_text":"Sergio, Luis y Mart\u00edn Peretti disfrutaron del buen Tria.","source_text":"","source_url":""},"_links":{"self":[{"href":"https:\/\/todoapulmon-rafaela.com\/index.php\/wp-json\/wp\/v2\/posts\/19400"}],"collection":[{"href":"https:\/\/todoapulmon-rafaela.com\/index.php\/wp-json\/wp\/v2\/posts"}],"about":[{"href":"https:\/\/todoapulmon-rafaela.com\/index.php\/wp-json\/wp\/v2\/types\/post"}],"author":[{"embeddable":true,"href":"https:\/\/todoapulmon-rafaela.com\/index.php\/wp-json\/wp\/v2\/users\/2"}],"replies":[{"embeddable":true,"href":"https:\/\/todoapulmon-rafaela.com\/index.php\/wp-json\/wp\/v2\/comments?post=19400"}],"version-history":[{"count":4,"href":"https:\/\/todoapulmon-rafaela.com\/index.php\/wp-json\/wp\/v2\/posts\/19400\/revisions"}],"predecessor-version":[{"id":19409,"href":"https:\/\/todoapulmon-rafaela.com\/index.php\/wp-json\/wp\/v2\/posts\/19400\/revisions\/19409"}],"wp:featuredmedia":[{"embeddable":true,"href":"https:\/\/todoapulmon-rafaela.com\/index.php\/wp-json\/wp\/v2\/media\/19410"}],"wp:attachment":[{"href":"https:\/\/todoapulmon-rafaela.com\/index.php\/wp-json\/wp\/v2\/media?parent=19400"}],"wp:term":[{"taxonomy":"category","embeddable":true,"href":"https:\/\/todoapulmon-rafaela.com\/index.php\/wp-json\/wp\/v2\/categories?post=19400"},{"taxonomy":"post_tag","embeddable":true,"href":"https:\/\/todoapulmon-rafaela.com\/index.php\/wp-json\/wp\/v2\/tags?post=19400"}],"curies":[{"name":"wp","href":"https:\/\/api.w.org\/{rel}","templated":true}]}}