{"id":19396,"date":"2019-10-14T18:26:51","date_gmt":"2019-10-14T18:26:51","guid":{"rendered":"http:\/\/todoapulmon-rafaela.com\/?p=19396"},"modified":"2019-10-14T18:26:51","modified_gmt":"2019-10-14T18:26:51","slug":"las-satisfacciones-de-la-copa-de-mayores","status":"publish","type":"post","link":"https:\/\/todoapulmon-rafaela.com\/index.php\/2019\/10\/14\/las-satisfacciones-de-la-copa-de-mayores\/","title":{"rendered":"Las satisfacciones de la Copa de Mayores"},"content":{"rendered":"<p>El fin de semana para los atletas juveniles y mayores de Argentina el epicentro estuvo en Buenos Aires, destacando dos participaciones rafaelinas: Pedro Emmert y Roc\u00edo Donnet.<\/p>\n<p><span><span>En la prueba de 800 metros de la Copa Nacional de Clubes mayores de atletismo, realizada en el CENARD este fin de semana, <\/span><\/span><span class=\"_247o\"><span><span>Pedro Emmert<\/span><\/span><\/span><span><span>, tuvo un promisorio registro de 1m55s31\/100, registro que lo ubica actualmente como el n\u00famero 1 del pa\u00eds en la categor\u00eda U18, recordando que el rafaelino es clase 2002.<\/span><\/span><\/p>\n<p>El ex triatleta fue sexto compitiendo con los mayores en la carrera que tuvo un muy nivel, dada la reaparici\u00f3n de Leandro Paris, referente en la distancia a nivel nacional en los \u00faltimos a\u00f1os, y ganador con 1m50s26. No obstante, la referencia a tener en cuenta es que Emmert lleva apenas un par de meses volcado \u00aboficialmente\u00bb al atletismo, luego de su anterior dedicaci\u00f3n al triatl\u00f3n. Y que en su primera carrera de 800 metros hace un mes y medio cronometr\u00f3 2m00s49, con lo cual en este breve per\u00edodo realizando tres carreras ha bajado casi 5 segundos sus tiempos.<\/p>\n<figure id=\"attachment_19398\" aria-describedby=\"caption-attachment-19398\" style=\"width: 186px\" class=\"wp-caption alignnone\"><img loading=\"lazy\" decoding=\"async\" class=\"size-medium wp-image-19398\" src=\"http:\/\/todoapulmon-rafaela.com\/wp-content\/uploads\/2019\/10\/Pedro-Emmert-186x300.jpg\" alt=\"Pedro Emmert\" width=\"186\" height=\"300\" srcset=\"https:\/\/todoapulmon-rafaela.com\/wp-content\/uploads\/2019\/10\/Pedro-Emmert-186x300.jpg 186w, https:\/\/todoapulmon-rafaela.com\/wp-content\/uploads\/2019\/10\/Pedro-Emmert.jpg 596w\" sizes=\"(max-width: 186px) 100vw, 186px\" \/><figcaption id=\"caption-attachment-19398\" class=\"wp-caption-text\">Pedro Emmert<\/figcaption><\/figure>\n<p>El atleta que representa a Quir\u00f3n, club capitalino que fue justamente el ganador de la Copa, como la mayor\u00eda de los chicos de su edad y una categor\u00eda inferior, se est\u00e1n preparando para el Nacional U18 y U16 de 1 y 2 de noviembre en C\u00f3rdoba.<\/p>\n<p>En la Copa Nacional de Mayores se cerr\u00f3 la temporada competitiva para Roc\u00edo Donnet, Mar\u00eda del Rosario Majda y Celina Harte, que viajaron con el entrenador de CRAS Ariel Magallanes. Donnet (que representa en torneos CADA al CEF 53) tuvo la satisfacci\u00f3n de la medalla de plata en 400 metros con vallas con 67s93; la formose\u00f1a Majda qued\u00f3 descalificada en marcha y Harte, oriunda de San Jorge, fue cuarta en salto en alto con 1m63.<\/p>\n","protected":false},"excerpt":{"rendered":"<p>El fin de semana para los atletas juveniles y mayores de Argentina el epicentro estuvo en Buenos Aires, destacando dos<\/p>\n","protected":false},"author":2,"featured_media":19397,"comment_status":"open","ping_status":"open","sticky":false,"template":"","format":"standard","meta":{"footnotes":""},"categories":[7,24],"tags":[],"class_list":["post-19396","post","type-post","status-publish","format-standard","has-post-thumbnail","hentry","category-atletismo","category-noticias-destacadas"],"cc_featured_image_caption":{"caption_text":"Roc\u00edo Donnet corriendo los 400 con vallas.","source_text":"","source_url":""},"_links":{"self":[{"href":"https:\/\/todoapulmon-rafaela.com\/index.php\/wp-json\/wp\/v2\/posts\/19396"}],"collection":[{"href":"https:\/\/todoapulmon-rafaela.com\/index.php\/wp-json\/wp\/v2\/posts"}],"about":[{"href":"https:\/\/todoapulmon-rafaela.com\/index.php\/wp-json\/wp\/v2\/types\/post"}],"author":[{"embeddable":true,"href":"https:\/\/todoapulmon-rafaela.com\/index.php\/wp-json\/wp\/v2\/users\/2"}],"replies":[{"embeddable":true,"href":"https:\/\/todoapulmon-rafaela.com\/index.php\/wp-json\/wp\/v2\/comments?post=19396"}],"version-history":[{"count":1,"href":"https:\/\/todoapulmon-rafaela.com\/index.php\/wp-json\/wp\/v2\/posts\/19396\/revisions"}],"predecessor-version":[{"id":19399,"href":"https:\/\/todoapulmon-rafaela.com\/index.php\/wp-json\/wp\/v2\/posts\/19396\/revisions\/19399"}],"wp:featuredmedia":[{"embeddable":true,"href":"https:\/\/todoapulmon-rafaela.com\/index.php\/wp-json\/wp\/v2\/media\/19397"}],"wp:attachment":[{"href":"https:\/\/todoapulmon-rafaela.com\/index.php\/wp-json\/wp\/v2\/media?parent=19396"}],"wp:term":[{"taxonomy":"category","embeddable":true,"href":"https:\/\/todoapulmon-rafaela.com\/index.php\/wp-json\/wp\/v2\/categories?post=19396"},{"taxonomy":"post_tag","embeddable":true,"href":"https:\/\/todoapulmon-rafaela.com\/index.php\/wp-json\/wp\/v2\/tags?post=19396"}],"curies":[{"name":"wp","href":"https:\/\/api.w.org\/{rel}","templated":true}]}}