{"id":1933,"date":"2016-07-29T00:14:14","date_gmt":"2016-07-29T00:14:14","guid":{"rendered":"http:\/\/todoapulmon-rafaela.com\/?p=1933"},"modified":"2016-07-29T00:14:14","modified_gmt":"2016-07-29T00:14:14","slug":"agostini-tercero-en-pordenone","status":"publish","type":"post","link":"https:\/\/todoapulmon-rafaela.com\/index.php\/2016\/07\/29\/agostini-tercero-en-pordenone\/","title":{"rendered":"Agostini tercero en Pordenone"},"content":{"rendered":"<p>En Pordenone, Italia, el rafaelino Mauro Agostini obtuvo este jueves el tercer puesto en el Criterium Internacional de ciclismo que se disput\u00f3 en dicha ciudad. Fue en la prueba de scratch, donde se impuso Miraliyev Sultanmurat (Kazajist\u00e1n, Astana Track Team), seguido por Simion Paolo (Italia, Team Bardiani CSF).<br \/>\nEl evento, con desarrollo en el vel\u00f3dromo \u00abO. Bottecchia\u00bb, tuvo en esta prueba un total de 36 protagonistas, mayoritariamente europeos. El compa\u00f1ero de Agostini en la selecci\u00f3n argentina luego mejor ubicado fue Rub\u00e9n Ramos, en la octava posici\u00f3n.<br \/>\nCabe recordar que la semana anterior Agostini y el team, que tambi\u00e9n integraron Juan I. Curuchet y Sebasti\u00e1n Trillini, estuvo disputando los Seis D\u00edas de Fiorenzuola. Estas competencias, con puntaje UCI, le permitir\u00e1n a los pedalistas y al cuerpo t\u00e9cnico ir prepar\u00e1ndose para afrontar en el mes de septiembre el Panamericano de Pista, que a\u00fan no tiene sede designada.<\/p>\n","protected":false},"excerpt":{"rendered":"<p>En Pordenone, Italia, el rafaelino Mauro Agostini obtuvo este jueves el tercer puesto en el Criterium Internacional de ciclismo que<\/p>\n","protected":false},"author":2,"featured_media":1934,"comment_status":"open","ping_status":"open","sticky":false,"template":"","format":"standard","meta":{"footnotes":""},"categories":[4,24],"tags":[],"class_list":["post-1933","post","type-post","status-publish","format-standard","has-post-thumbnail","hentry","category-ciclismo","category-noticias-destacadas"],"cc_featured_image_caption":{"caption_text":"El rafaelino Mauro Agostini en el podio de la cita cicl\u00edstica en Italia (foto face oficial Pordenone).","source_text":"","source_url":""},"_links":{"self":[{"href":"https:\/\/todoapulmon-rafaela.com\/index.php\/wp-json\/wp\/v2\/posts\/1933"}],"collection":[{"href":"https:\/\/todoapulmon-rafaela.com\/index.php\/wp-json\/wp\/v2\/posts"}],"about":[{"href":"https:\/\/todoapulmon-rafaela.com\/index.php\/wp-json\/wp\/v2\/types\/post"}],"author":[{"embeddable":true,"href":"https:\/\/todoapulmon-rafaela.com\/index.php\/wp-json\/wp\/v2\/users\/2"}],"replies":[{"embeddable":true,"href":"https:\/\/todoapulmon-rafaela.com\/index.php\/wp-json\/wp\/v2\/comments?post=1933"}],"version-history":[{"count":1,"href":"https:\/\/todoapulmon-rafaela.com\/index.php\/wp-json\/wp\/v2\/posts\/1933\/revisions"}],"predecessor-version":[{"id":1935,"href":"https:\/\/todoapulmon-rafaela.com\/index.php\/wp-json\/wp\/v2\/posts\/1933\/revisions\/1935"}],"wp:featuredmedia":[{"embeddable":true,"href":"https:\/\/todoapulmon-rafaela.com\/index.php\/wp-json\/wp\/v2\/media\/1934"}],"wp:attachment":[{"href":"https:\/\/todoapulmon-rafaela.com\/index.php\/wp-json\/wp\/v2\/media?parent=1933"}],"wp:term":[{"taxonomy":"category","embeddable":true,"href":"https:\/\/todoapulmon-rafaela.com\/index.php\/wp-json\/wp\/v2\/categories?post=1933"},{"taxonomy":"post_tag","embeddable":true,"href":"https:\/\/todoapulmon-rafaela.com\/index.php\/wp-json\/wp\/v2\/tags?post=1933"}],"curies":[{"name":"wp","href":"https:\/\/api.w.org\/{rel}","templated":true}]}}