{"id":19187,"date":"2019-10-02T13:01:54","date_gmt":"2019-10-02T13:01:54","guid":{"rendered":"http:\/\/todoapulmon-rafaela.com\/?p=19187"},"modified":"2019-10-02T13:02:50","modified_gmt":"2019-10-02T13:02:50","slug":"comienza-el-argentino-de-pista-en-mendoza","status":"publish","type":"post","link":"https:\/\/todoapulmon-rafaela.com\/index.php\/2019\/10\/02\/comienza-el-argentino-de-pista-en-mendoza\/","title":{"rendered":"Comienza el Argentino de Pista en Mendoza"},"content":{"rendered":"<p>Mendoza recibir\u00e1 el Campeonato Argentino de Pista 2019, luego de m\u00e1s de diez a\u00f1os. El importante evento ciclista se celebrar\u00e1 en el Vel\u00f3dromo Provincial Ernesto Contreras \u2018C\u00f3ndor de Am\u00e9rica\u2019, desde el 3 al 6 de octubre. El certamen ser\u00e1 para las categorias\u00a0Elite, Sub 23, Damas Elite y Ciclismo Adaptado.<\/p>\n<p>La delegaci\u00f3n de ACCOS, a cargo de Norberto y Daniel Capella, estar\u00e1 integrada por Farid Su\u00e1rez, que defiende las coronas del kil\u00f3metro y velocidad; Yoel Vargas, y tres pedalistas cordobeses: Daiana Almada (de San Francisco), Franco Victorio y Gina Cagnolo.<\/p>\n<p>Adem\u00e1s, representando a su provincia pero como parte del grupo del Club Ciclista de Rafaela, estar\u00e1 la santiague\u00f1a Natalia Vera que tambi\u00e9n defender\u00e1 los t\u00edtulos obtenidos en la edici\u00f3n anterior en San Luis, en 500 metros, velocidad y keirin.<\/p>\n<p>El detalle de las especialidades de cada uno es el siguiente:<\/p>\n<p>Farid Su\u00e1rez: velocidad, velocidad por equipos, keirin y kil\u00f3metro.<\/p>\n<p>Yoel Vargas: velocidad por equipos, scratch y keirin.<\/p>\n<p>Natalia Vera: 500 metros, velocidad, velocidad por equipos y keirin.<\/p>\n<p>Daiana Almada: velocidad individual, por equipos, keirin y scratch.<\/p>\n<p>Franco Victorio: velocidad, velocidad por equipos y keirin.<\/p>\n<p>Gina Cagnolo: velocidad, velocidad por equipos, 500 metros y keirin.<\/p>\n<p>El evento se podr\u00e1 seguir en vivo a trav\u00e9s del canal de<strong><a href=\"http:\/\/youtube.com\/canaldeportv\">\u00a0YouTube\u00a0<\/a><\/strong>de DeporTV en estos d\u00edas y horarios:<\/p>\n<p><strong>Jueves 3 &#8211; de 16.30 a 18.30<br \/>\nViernes 4 &#8211; de 17.30 a 19.30<br \/>\nS\u00e1bado 5 &#8211; de 16.30 a 18.30<br \/>\nDomingo 6 &#8211; de 16 a 18.00.<\/strong><\/p>\n<p><u><strong>PROGRAMA DE ACTIVIDADES<br \/>\n<\/strong><\/u><br \/>\nDIA JUEVES 03 DE OCTUBRE<\/p>\n<p>08:00 Ratificaci\u00f3n de Inscripciones &#8211; Control de Licencias, Indumentaria y DNI.- (Vel\u00f3dromo)<br \/>\n10:30 Cierre Ratificaci\u00f3n de Inscripciones &#8211; Control de Licencias e indumentaria y DNI.-<br \/>\n11:00 Congreso T\u00e9cnico \u2013<\/p>\n<p>14:30 CLASIFICACION PERSECUSION POR EQUIPOS VARONES 4000 mts.<\/p>\n<p>15:30 CLASIFICACION VELOCIDAD POR EQUIPOS<br \/>\n-Velocidad por Equipos &#8211; \u00c9lite Damas<br \/>\n-Velocidad por Equipos &#8211; \u00c9lite Hombres<\/p>\n<p>16:30 FINAL PERSECUCION POR EQUIPOS VARONES<br \/>\n-Por el 3er y 4to Puesto<br \/>\n-Por el 1er y 2do Puesto<\/p>\n<p>17:00 FINAL VELOCIDAD POR EQUIPOS<br \/>\n-Velocidad por Equipos &#8211; \u00c9lite Hombres y Damas<\/p>\n<p>17:45 FINAL SCRATCH\u00a0 DAMAS<\/p>\n<p>18:15 FINAL &#8211; SCRATCH VARONES ELITE<\/p>\n<p>CORONACIONES<\/p>\n<p>DIA VIERNES 04 DE OCTUBRE<\/p>\n<p>09:30 CLASIFICACION PERSECUSION INDIVIDUAL<br \/>\n&#8211; Persecuci\u00f3n individual \u00c9lite Damas Ciclismo Adaptado (Final Directa)<br \/>\n&#8211; Persecuci\u00f3n individual \u00c9lite Varones Ciclismo Adaptado (Final Directa)<br \/>\n&#8211; Persecuci\u00f3n individual \u00c9lite Damas 3.000 mts &#8211; Clasifican 4 competidores<br \/>\n&#8211; Persecuci\u00f3n individual \u00c9lite Varones 4.000 mts &#8211; Clasifican 4 competidores<\/p>\n<p>12:00 CLASIFICACION VELOCIDAD<br \/>\n&#8211; Velocidad 200 mts. &#8211; Clasifican (4) Damas<br \/>\n&#8211; Velocidad 200 mts. &#8211; Clasifican (8) Varones \u00c9lite<br \/>\n&#8211; Velocidad 200 mts. \u2013 Ciclismo Adaptado<\/p>\n<p>14:00 FINALES &#8211; PERSECUCI\u00d3N INDIVIDUAL VARONES \u00c9lite \u2013 4000 Metros y Ciclismo Adaptado<br \/>\nPor el Tercer y Cuarto Puesto \u2013 Damas \u00c9lite<br \/>\nFinal Por el 1ro y 2do Puesto \u2013 Damas \u00c9lite<br \/>\nPor el Tercer y Cuarto Puesto \u2013 Varones \u00c9lite<br \/>\nFinal Por el 1ro y 2do Puesto \u2013 Varones \u00c9lite<\/p>\n<p>15:00 VELOCIDAD CUARTOS DE FINAL \/ SEMIFINAL<br \/>\n&#8211; Velocidad &#8211; Cuartos de Final Hombres \u00c9lite<br \/>\n&#8211; Velocidad &#8211; Semifinal Damas<br \/>\n&#8211; Velocidad \u2013 Semifinal Hombres<\/p>\n<p>16:00 FINALES DE VELOCIDAD<br \/>\nPor el 3er y 4to puesto Damas<br \/>\nPor el 3er y 4to Puesto Varones \u00c9lite<br \/>\nPor el 1er y 2do puesto Damas<br \/>\nPor el 1er y 2do Puesto Varones \u00c9lite<br \/>\nPor el 1er y 2do Puesto Varones Ciclismo Adaptado<br \/>\nPor el 1er y 2do Puesto Damas Ciclismo Adaptado<\/p>\n<p>17:00 FINAL Carrera a los Puntos DAMAS<\/p>\n<p>17:30 FINAL \u2013 Carrera a los Puntos Varones Sub 23<\/p>\n<p>18:15 FINAL \u2013 Carrera a los Puntos Varones \u00c9lite<\/p>\n<p>CORONACIONES<\/p>\n<p>DIA SABADO 05 DE OCTUBRE<\/p>\n<p>10:00 OMNIUM\u00a0 DAMAS \u2013 VARONES ELITE &#8211; VARONES SUB 23 &#8211;<br \/>\nScratch: 7,5 kil\u00f3metros Damas \u00e9lite &#8211; 10 kil\u00f3metros Varones Sub 23 &#8211; 10 kil\u00f3metros Varones Elite<\/p>\n<p>11:30 OMNIUM\u00a0 DAMAS \u2013 VARONES ELITE &#8211; VARONES SUB 23 &#8211;<br \/>\nTempo: 7,5 kil\u00f3metros Damas Elite -10 kil\u00f3metros Varones Sub 23 &#8211; 10 kil\u00f3metros Varones Elite &#8211;<\/p>\n<p>13:00 Clasificatoria 500 METROS \/ KILOMETRO<br \/>\nFINAL DIRECTA<\/p>\n<p>&#8211; 500 Mts. &#8211; Damas \u00c9lite \u2013 (Final Directa)<br \/>\n&#8211; Kil\u00f3metro \u2013 Varones Sub 23 \u2013 Elite \u2013 (Final Directa)<br \/>\n&#8211; Kil\u00f3metro \u2013 Damas Ciclismo Adaptado (Final Directa)<br \/>\n&#8211; Kil\u00f3metro \u2013 Varones Ciclismo Adaptado (Final Directa)<\/p>\n<p>14:30 OMNIUM\u00a0 DAMAS \u2013 VARONES ELITE &#8211; VARONES SUB 23 &#8211;<br \/>\nEliminaci\u00f3n \u2013 Damas Elite \u2013 Varones Sub 23 \u2013 Varones Elite<\/p>\n<p>16:30 OMNIUM\u00a0 DAMAS \u2013 VARONES ELITE &#8211; VARONES SUB 23 &#8211;<br \/>\nCarrera a los puntos: \u00a020 kil\u00f3metros Damas \u00c9lite. 25 kil\u00f3metros hombres Sub 23 &#8211; 25 kil\u00f3metros hombres Elite<\/p>\n<p>CORONACIONES<\/p>\n<p>DIA DOMINGO 06 DE OCTUBRE<\/p>\n<p>09:30 FINAL- SCRATCH VARONES SUB 23<\/p>\n<p>10:30 CLASIFICACION KEIRIN<br \/>\n&#8211; Series Clasificatorias Keirin \u2013 Varones \u2013 Damas Elite<\/p>\n<p>11:30 REPESCA KEIRIN<br \/>\n&#8211; Series repescas Keirin \u2013 Varones \u2013 Damas Elite<\/p>\n<p>13:30 SEMIFINAL KEIRIN<br \/>\n&#8211; Series Semifinal Keirin \u2013 Varones \u2013 Damas Elite<\/p>\n<p>14:30 FINAL &#8211; KEIRIN VARONES \u2013 Damas Elite<\/p>\n<p>15:30 MADISON DAMAS<\/p>\n<p>16:30 MADISON VARONES<\/p>\n<p>CORONACIONES.<\/p>\n","protected":false},"excerpt":{"rendered":"<p>Mendoza recibir\u00e1 el Campeonato Argentino de Pista 2019, luego de m\u00e1s de diez a\u00f1os. El importante evento ciclista se celebrar\u00e1<\/p>\n","protected":false},"author":2,"featured_media":19190,"comment_status":"open","ping_status":"open","sticky":false,"template":"","format":"standard","meta":{"footnotes":""},"categories":[4,24],"tags":[],"class_list":["post-19187","post","type-post","status-publish","format-standard","has-post-thumbnail","hentry","category-ciclismo","category-noticias-destacadas"],"cc_featured_image_caption":{"caption_text":"","source_text":"","source_url":""},"_links":{"self":[{"href":"https:\/\/todoapulmon-rafaela.com\/index.php\/wp-json\/wp\/v2\/posts\/19187"}],"collection":[{"href":"https:\/\/todoapulmon-rafaela.com\/index.php\/wp-json\/wp\/v2\/posts"}],"about":[{"href":"https:\/\/todoapulmon-rafaela.com\/index.php\/wp-json\/wp\/v2\/types\/post"}],"author":[{"embeddable":true,"href":"https:\/\/todoapulmon-rafaela.com\/index.php\/wp-json\/wp\/v2\/users\/2"}],"replies":[{"embeddable":true,"href":"https:\/\/todoapulmon-rafaela.com\/index.php\/wp-json\/wp\/v2\/comments?post=19187"}],"version-history":[{"count":2,"href":"https:\/\/todoapulmon-rafaela.com\/index.php\/wp-json\/wp\/v2\/posts\/19187\/revisions"}],"predecessor-version":[{"id":19192,"href":"https:\/\/todoapulmon-rafaela.com\/index.php\/wp-json\/wp\/v2\/posts\/19187\/revisions\/19192"}],"wp:featuredmedia":[{"embeddable":true,"href":"https:\/\/todoapulmon-rafaela.com\/index.php\/wp-json\/wp\/v2\/media\/19190"}],"wp:attachment":[{"href":"https:\/\/todoapulmon-rafaela.com\/index.php\/wp-json\/wp\/v2\/media?parent=19187"}],"wp:term":[{"taxonomy":"category","embeddable":true,"href":"https:\/\/todoapulmon-rafaela.com\/index.php\/wp-json\/wp\/v2\/categories?post=19187"},{"taxonomy":"post_tag","embeddable":true,"href":"https:\/\/todoapulmon-rafaela.com\/index.php\/wp-json\/wp\/v2\/tags?post=19187"}],"curies":[{"name":"wp","href":"https:\/\/api.w.org\/{rel}","templated":true}]}}