{"id":19144,"date":"2019-09-28T23:26:03","date_gmt":"2019-09-28T23:26:03","guid":{"rendered":"http:\/\/todoapulmon-rafaela.com\/?p=19144"},"modified":"2019-09-28T23:26:03","modified_gmt":"2019-09-28T23:26:03","slug":"ciclismo-en-los-barrios-tuvo-una-nueva-jornada","status":"publish","type":"post","link":"https:\/\/todoapulmon-rafaela.com\/index.php\/2019\/09\/28\/ciclismo-en-los-barrios-tuvo-una-nueva-jornada\/","title":{"rendered":"Ciclismo en los Barrios tuvo una nueva jornada"},"content":{"rendered":"<p>En la tarde de este s\u00e1bado 28 de septiembre se disput\u00f3 una nueva fecha del programa Ciclismo en los Barrios en los parques de Av. Williner, Barrio Ilolay.<\/p>\n<p class=\"x_MsoNormal\"><span lang=\"ES-AR\">En un ambiente lleno de alegr\u00eda y diversi\u00f3n, el evento cont\u00f3 con la participaci\u00f3n de una gran cantidad de familiares quienes se acercaron a disfrutar de otra edici\u00f3n de este programa que organiza la Municipalidad de Rafaela en colaboraci\u00f3n con el Club Ciclista.\u00a0<\/span><span lang=\"ES-AR\">Participaron ni\u00f1os, ni\u00f1as y j\u00f3venes de 5 a 12 a\u00f1os. Los cinco primeros de cada competencia y categor\u00eda recibieron premios. Tambi\u00e9n se realiz\u00f3 el sorteo de una bicicleta, aporte del senador provincial Alcides Calvo.<\/span><\/p>\n<p class=\"x_MsoNormal\"><span lang=\"ES-AR\">Cabe destacar la importancia de este programa, que lleva 27 a\u00f1os ininterrumpidos en la ciudad, fomentando los valores necesarios para el crecimiento deportivo de los m\u00e1s chicos.<\/span><\/p>\n<p>A continuaci\u00f3n se presenta la clasificaci\u00f3n general por categor\u00edas.<\/p>\n<div><\/div>\n<div>\n<div><u><b>CATEGORIA 2007 &#8211; 2008:<\/b><\/u><\/div>\n<div><b>1)<\/b>\u00a0Pedro Capella.<\/div>\n<div><b>2)\u00a0<\/b>Martin Leurino.<\/div>\n<div><b>3)<\/b>\u00a0Luisina Lopez.<\/div>\n<div><b>4)\u00a0<\/b>Martin Briand.<\/div>\n<div><b>5)\u00a0<\/b>Dylan Ramallo.<\/div>\n<\/div>\n<div><\/div>\n<div>\n<div><u><b>CATEGORIA 2009 &#8211; 2010:<\/b><\/u><\/div>\n<div><b>1)<\/b>\u00a0Maria Emilia Vaira.<\/div>\n<div><b>2)<\/b>\u00a0Dylan Portillo.<\/div>\n<div><b>3)<\/b>\u00a0Salvador Clementi.<\/div>\n<div><b>4)\u00a0<\/b>Yuliana Vizzichini.<\/div>\n<div><b>5)\u00a0<\/b>Alma Bruno.<\/div>\n<\/div>\n<div><\/div>\n<div>\n<div><u><b>CATEGORIA 2011 &#8211; 2012:<\/b><\/u><\/div>\n<div><b>1)<\/b>\u00a0Luciano Capella.<\/div>\n<div><b>2)<\/b>\u00a0Octavio Michlig.<\/div>\n<div><b>3)<\/b>\u00a0Franchesco Barcheto.<\/div>\n<div><b>4)\u00a0<\/b>Valentino Morel.<\/div>\n<div><b>5)<\/b>\u00a0Hugo Bled.<\/div>\n<\/div>\n<div><\/div>\n<div>\n<div><u><b>CATEGORIA 2013 &#8211; 2014:<\/b><\/u><\/div>\n<div><b>1)<\/b>\u00a0Francisco Dellasanta.<\/div>\n<div><b>2)<\/b>\u00a0Nina Gianetto.<\/div>\n<div><b>3)<\/b>\u00a0Antonio Broda.<\/div>\n<div><b>4)\u00a0<\/b>Pia Lazarte.<\/div>\n<div><b>5)\u00a0<\/b>Santiago Broda.<\/div>\n<\/div>\n<div><\/div>\n<div><b><u>CATEGORIA 2015 &#8211; RECREATIVA:<\/u><\/b><\/div>\n<div dir=\"auto\">Luca Rossi.<\/div>\n<div dir=\"auto\">Isabella Mainero.<\/div>\n<div dir=\"auto\">Lucas Andermatten.<\/div>\n<div dir=\"auto\">Sof\u00eda Sotello.<\/div>\n<div dir=\"auto\">Mateo Rene.<\/div>\n<div dir=\"auto\"><\/div>\n<div><b>GANADOR DE LA BICI:<\/b>\u00a0Azul Vegetti &#8211; CAT. 2011.<\/div>\n<div><b>PROXIMA FECHA:<\/b>\u00a0a confirmar.<\/div>\n<div>Los organizadores agradecen\u00a0a los pap\u00e1s de la Escuelita de Ciclismo del Club Ciclista de Rafaela que se acercaron a colaborar, al Sr. Alcides Calvo por la donaci\u00f3n de las bicicletas sorteadas en cada una de las competencias, y a la Subsecretar\u00eda de Deportes de la Municipalidad de Rafaela.<\/div>\n","protected":false},"excerpt":{"rendered":"<p>En la tarde de este s\u00e1bado 28 de septiembre se disput\u00f3 una nueva fecha del programa Ciclismo en los Barrios<\/p>\n","protected":false},"author":2,"featured_media":19145,"comment_status":"open","ping_status":"open","sticky":false,"template":"","format":"standard","meta":{"footnotes":""},"categories":[4,24],"tags":[],"class_list":["post-19144","post","type-post","status-publish","format-standard","has-post-thumbnail","hentry","category-ciclismo","category-noticias-destacadas"],"cc_featured_image_caption":{"caption_text":"Nuevamente muchos chicos estuvieron en esta programaci\u00f3n (foto prensa Municipalidad de Rafaela).","source_text":"","source_url":""},"_links":{"self":[{"href":"https:\/\/todoapulmon-rafaela.com\/index.php\/wp-json\/wp\/v2\/posts\/19144"}],"collection":[{"href":"https:\/\/todoapulmon-rafaela.com\/index.php\/wp-json\/wp\/v2\/posts"}],"about":[{"href":"https:\/\/todoapulmon-rafaela.com\/index.php\/wp-json\/wp\/v2\/types\/post"}],"author":[{"embeddable":true,"href":"https:\/\/todoapulmon-rafaela.com\/index.php\/wp-json\/wp\/v2\/users\/2"}],"replies":[{"embeddable":true,"href":"https:\/\/todoapulmon-rafaela.com\/index.php\/wp-json\/wp\/v2\/comments?post=19144"}],"version-history":[{"count":1,"href":"https:\/\/todoapulmon-rafaela.com\/index.php\/wp-json\/wp\/v2\/posts\/19144\/revisions"}],"predecessor-version":[{"id":19146,"href":"https:\/\/todoapulmon-rafaela.com\/index.php\/wp-json\/wp\/v2\/posts\/19144\/revisions\/19146"}],"wp:featuredmedia":[{"embeddable":true,"href":"https:\/\/todoapulmon-rafaela.com\/index.php\/wp-json\/wp\/v2\/media\/19145"}],"wp:attachment":[{"href":"https:\/\/todoapulmon-rafaela.com\/index.php\/wp-json\/wp\/v2\/media?parent=19144"}],"wp:term":[{"taxonomy":"category","embeddable":true,"href":"https:\/\/todoapulmon-rafaela.com\/index.php\/wp-json\/wp\/v2\/categories?post=19144"},{"taxonomy":"post_tag","embeddable":true,"href":"https:\/\/todoapulmon-rafaela.com\/index.php\/wp-json\/wp\/v2\/tags?post=19144"}],"curies":[{"name":"wp","href":"https:\/\/api.w.org\/{rel}","templated":true}]}}